{"id":4775,"date":"2023-11-15T07:57:11","date_gmt":"2023-11-15T07:57:11","guid":{"rendered":"http:\/\/enteculturalsantafesino.com.ar\/usina4\/?p=4775"},"modified":"2023-11-15T07:57:14","modified_gmt":"2023-11-15T07:57:14","slug":"planta-y-canta-llego-a-santa-clara-de-buena-vista","status":"publish","type":"post","link":"http:\/\/enteculturalsantafesino.com.ar\/usina4\/2023\/11\/planta-y-canta-llego-a-santa-clara-de-buena-vista\/","title":{"rendered":"\u00abPlanta y Canta\u00bb lleg\u00f3 a Santa Clara de Buena Vista"},"content":{"rendered":"\n<p>En el marco del\u00a015\u00b0 aniversario del<strong> Ente Cultural Santafesino;\u00a0\u00abLatido Americano\u00bb \u2013 Escuela de percusi\u00f3n corporal\u00a0<\/strong>sigue presentando su propuesta:\u00a0<strong>\u00abPlanta y Canta\u00bb<\/strong><\/p>\n\n\n\n<p>Con la presencia de la responsable del Ente Cultural, <strong>Lic. Claudia Giaccone,<\/strong> el <strong>presidente Comunal Juan Manuel Caduana<\/strong> y todo el equipo de cultura local, recibieron y disfrutaron de esta maravillosa propuesta que gira por comunidades adheridas a dicho espacio cultural santafesino. <\/p>\n\n\n\n<p>Esta segunda etapa lleg\u00f3 a <strong>Santa Clara de Buena Vista,<\/strong> despu\u00e9s de visitar las localidades de:\u00a0Bouquet, Las Rosas y San Martin de las Escobas durante la jornada del\u00a0<strong>martes 14 de noviembre<\/strong>\u00a0mediante una visita art\u00edstica y educativa que tiene como objetivo transmitir el lenguaje de percusi\u00f3n corporal latinoamericana mediante juegos musicales y motrices que permiten conocer diferentes ritmos del folklore argentino y latinoamericano<\/p>\n\n\n\n<p><strong>Mapa Virtual\/ \u00abForESTAR\u00ab<\/strong><\/p>\n\n\n\n<p>Las canciones se publicar\u00e1n en el mapa virtual interactivo (ForESTAR) del&nbsp;<strong>Ente Cultural Santafesino<\/strong>, promoviendo en cada preg\u00f3n los relatos identitarios de la poblaci\u00f3n acompa\u00f1ados por m\u00fasica corporal latinoamericana.<strong>&nbsp;\u00abLatido Americano\u00bb&nbsp;<\/strong>viajar\u00e1 a cada comunidad seleccionada a transmitir las herramientas de m\u00fasica corporal y recopilar relatos, componer el preg\u00f3n y luego ensayar, armar la puesta en escena y grabar el video que ir\u00e1 en el mapa.<\/p>\n\n\n\n<p><strong>Latido Americano<\/strong>&nbsp;es una escuela itinerante de m\u00fasica corporal que recorre espacios presenciales y virtuales generando acceso democr\u00e1tico a la experiencia musical placentera con repertorio testimonial, implementando herramientas culturales y corporales para la regeneraci\u00f3n vincular con el propio cuerpo, el entorno ambiental y la comunidad.<\/p>\n\n\n\n<p><strong>Roc\u00edo Elizalde:<\/strong>&nbsp;m\u00fasica y docente, gestora de este proyecto y&nbsp;<strong>Maximiliano Maglianese:<\/strong>&nbsp;\u2013 m\u00fasico y docente, tallerista del proyecto son los protagonistas de este nueva experiencia que girar\u00e1 de la mano del&nbsp;<strong>Ente Cultural Santafesino.<\/strong><\/p>\n","protected":false},"excerpt":{"rendered":"<p>En el marco del\u00a015\u00b0 aniversario del Ente Cultural Santafesino;\u00a0\u00abLatido Americano\u00bb \u2013 Escuela de percusi\u00f3n corporal\u00a0sigue presentando su [&hellip;]<\/p>\n","protected":false},"author":3,"featured_media":4776,"comment_status":"open","ping_status":"open","sticky":false,"template":"","format":"standard","meta":{"_jetpack_memberships_contains_paid_content":false,"footnotes":"","jetpack_publicize_message":"","jetpack_publicize_feature_enabled":true,"jetpack_social_post_already_shared":true,"jetpack_social_options":{"image_generator_settings":{"template":"highway","enabled":false}}},"categories":[6,20],"tags":[],"jetpack_publicize_connections":[],"jetpack_featured_media_url":"http:\/\/enteculturalsantafesino.com.ar\/usina4\/wp-content\/uploads\/2023\/11\/2e136fd7-1ff2-4884-b38a-1bf34607d22c.jpg","jetpack_sharing_enabled":true,"_links":{"self":[{"href":"http:\/\/enteculturalsantafesino.com.ar\/usina4\/wp-json\/wp\/v2\/posts\/4775"}],"collection":[{"href":"http:\/\/enteculturalsantafesino.com.ar\/usina4\/wp-json\/wp\/v2\/posts"}],"about":[{"href":"http:\/\/enteculturalsantafesino.com.ar\/usina4\/wp-json\/wp\/v2\/types\/post"}],"author":[{"embeddable":true,"href":"http:\/\/enteculturalsantafesino.com.ar\/usina4\/wp-json\/wp\/v2\/users\/3"}],"replies":[{"embeddable":true,"href":"http:\/\/enteculturalsantafesino.com.ar\/usina4\/wp-json\/wp\/v2\/comments?post=4775"}],"version-history":[{"count":1,"href":"http:\/\/enteculturalsantafesino.com.ar\/usina4\/wp-json\/wp\/v2\/posts\/4775\/revisions"}],"predecessor-version":[{"id":4777,"href":"http:\/\/enteculturalsantafesino.com.ar\/usina4\/wp-json\/wp\/v2\/posts\/4775\/revisions\/4777"}],"wp:featuredmedia":[{"embeddable":true,"href":"http:\/\/enteculturalsantafesino.com.ar\/usina4\/wp-json\/wp\/v2\/media\/4776"}],"wp:attachment":[{"href":"http:\/\/enteculturalsantafesino.com.ar\/usina4\/wp-json\/wp\/v2\/media?parent=4775"}],"wp:term":[{"taxonomy":"category","embeddable":true,"href":"http:\/\/enteculturalsantafesino.com.ar\/usina4\/wp-json\/wp\/v2\/categories?post=4775"},{"taxonomy":"post_tag","embeddable":true,"href":"http:\/\/enteculturalsantafesino.com.ar\/usina4\/wp-json\/wp\/v2\/tags?post=4775"}],"curies":[{"name":"wp","href":"https:\/\/api.w.org\/{rel}","templated":true}]}}