{"id":4872,"date":"2024-09-06T00:27:53","date_gmt":"2024-09-06T00:27:53","guid":{"rendered":"http:\/\/enteculturalsantafesino.com.ar\/usina4\/?p=4872"},"modified":"2024-09-06T00:27:56","modified_gmt":"2024-09-06T00:27:56","slug":"emotiva-apertura-de-las-muestras-arte-en-pelotas-y-campeones-en-recreo","status":"publish","type":"post","link":"http:\/\/enteculturalsantafesino.com.ar\/usina4\/2024\/09\/emotiva-apertura-de-las-muestras-arte-en-pelotas-y-campeones-en-recreo\/","title":{"rendered":"Emotiva apertura de las muestras \u00abArte en Pelotas\u00bb y \u00abCampeones\u00bb en Recreo"},"content":{"rendered":"\n<p>Cien pelotas intervenidas art\u00edsticamente, santafesinos campeones mundiales y distinci\u00f3n a futbolistas recre\u00ednos<\/p>\n\n\n\n<p>En el Multiespacio Ing. Miguel Lifschitz, se llev\u00f3 a cabo la inauguraci\u00f3n de las muestras \u201cArte en pelotas\u201d y \u201cCampeones\u201d, en una propuesta conjunta entre el Gobierno de la Ciudad de Recreo, el Ente Cultural Santafesino y el Ente Cultural Cordob\u00e9s.<\/p>\n\n\n\n<p>El acto cont\u00f3 con la presencia de la responsable del <strong>Ente Cultural Santafesino Lic. Claudia Giaccone, el Intendente Omar Colombo, el secretario de cultura Prof. Javier Donetti,<\/strong> integrantes del gabinete municipal y del concejo municipal.<\/p>\n\n\n\n<p>Giaccone resalto que esta propuesta nos muestra todo el potencial de nuestros clubes y de nuestra provincia como semillero del deporte argentino. \u00abHoy nos emociona vincular el deporte con el arte y seguir recorriendo la provincia con este producto federal e inclusivo. <\/p>\n\n\n\n<p><strong>Las muestras<\/strong><\/p>\n\n\n\n<p><a><\/a>\u201cArte en Pelotas\u201d es una colecci\u00f3n que expone un centenar de pelotas de f\u00fatbol intervenidas por artistas pl\u00e1sticos de las comunidades santafesinas y del noroeste cordob\u00e9s que forman parte de estas dos organizaciones culturales. En el caso de Recreo, fue el artista local Eduardo Vera quien intervino el bal\u00f3n deportivo queriendo plasmar en \u00e9l la impronta de la actividad futbol\u00edstica recre\u00edna, utilizando los colores y logos de los equipos de Recreo que en ese momento se encontraban en actividad.<\/p>\n\n\n\n<p>En tanto, \u201cCampeones\u201d muestra a los 11 jugadores santafesinos que fueron parte de las selecciones nacionales campeonas mundiales en Argentina 78, M\u00e9xico 86 y Catar 2022. Esta propuesta fue gestada a partir de las obras del artista Alfredo Blanco.<\/p>\n","protected":false},"excerpt":{"rendered":"<p>Cien pelotas intervenidas art\u00edsticamente, santafesinos campeones mundiales y distinci\u00f3n a futbolistas recre\u00ednos En el Multiespacio Ing. Miguel [&hellip;]<\/p>\n","protected":false},"author":3,"featured_media":4873,"comment_status":"open","ping_status":"open","sticky":false,"template":"","format":"standard","meta":{"_jetpack_memberships_contains_paid_content":false,"footnotes":"","jetpack_publicize_message":"","jetpack_publicize_feature_enabled":true,"jetpack_social_post_already_shared":true,"jetpack_social_options":{"image_generator_settings":{"template":"highway","enabled":false}}},"categories":[6,9],"tags":[],"jetpack_publicize_connections":[],"jetpack_featured_media_url":"http:\/\/enteculturalsantafesino.com.ar\/usina4\/wp-content\/uploads\/2024\/09\/WhatsApp-Image-2024-09-05-at-21.16.28.jpeg","jetpack_sharing_enabled":true,"_links":{"self":[{"href":"http:\/\/enteculturalsantafesino.com.ar\/usina4\/wp-json\/wp\/v2\/posts\/4872"}],"collection":[{"href":"http:\/\/enteculturalsantafesino.com.ar\/usina4\/wp-json\/wp\/v2\/posts"}],"about":[{"href":"http:\/\/enteculturalsantafesino.com.ar\/usina4\/wp-json\/wp\/v2\/types\/post"}],"author":[{"embeddable":true,"href":"http:\/\/enteculturalsantafesino.com.ar\/usina4\/wp-json\/wp\/v2\/users\/3"}],"replies":[{"embeddable":true,"href":"http:\/\/enteculturalsantafesino.com.ar\/usina4\/wp-json\/wp\/v2\/comments?post=4872"}],"version-history":[{"count":1,"href":"http:\/\/enteculturalsantafesino.com.ar\/usina4\/wp-json\/wp\/v2\/posts\/4872\/revisions"}],"predecessor-version":[{"id":4874,"href":"http:\/\/enteculturalsantafesino.com.ar\/usina4\/wp-json\/wp\/v2\/posts\/4872\/revisions\/4874"}],"wp:featuredmedia":[{"embeddable":true,"href":"http:\/\/enteculturalsantafesino.com.ar\/usina4\/wp-json\/wp\/v2\/media\/4873"}],"wp:attachment":[{"href":"http:\/\/enteculturalsantafesino.com.ar\/usina4\/wp-json\/wp\/v2\/media?parent=4872"}],"wp:term":[{"taxonomy":"category","embeddable":true,"href":"http:\/\/enteculturalsantafesino.com.ar\/usina4\/wp-json\/wp\/v2\/categories?post=4872"},{"taxonomy":"post_tag","embeddable":true,"href":"http:\/\/enteculturalsantafesino.com.ar\/usina4\/wp-json\/wp\/v2\/tags?post=4872"}],"curies":[{"name":"wp","href":"https:\/\/api.w.org\/{rel}","templated":true}]}}