{"id":4936,"date":"2025-01-27T11:44:40","date_gmt":"2025-01-27T11:44:40","guid":{"rendered":"https:\/\/enteculturalsantafesino.com.ar\/usina4\/?p=4936"},"modified":"2025-01-27T11:44:43","modified_gmt":"2025-01-27T11:44:43","slug":"de-coronda-a-cosquin","status":"publish","type":"post","link":"http:\/\/enteculturalsantafesino.com.ar\/usina4\/2025\/01\/de-coronda-a-cosquin\/","title":{"rendered":"De Coronda a Cosqu\u00edn!"},"content":{"rendered":"\n<p>La Academia de Danzas Folkl\u00f3ricas Argentinas de Coronda y el Ballet Renacer, bajo la direcci\u00f3n de la Prof. Mar\u00eda Gabriela L\u00f3pez, han sido seleccionados para participar en el desfile de apertura del 65\u00b0 Festival Nacional de Folklore Cosqu\u00edn 2025. <\/p>\n\n\n\n<p>\u00a1Un logro incre\u00edble! De entre 155 ballets de todo el pa\u00eds, nuestra delegaci\u00f3n corondina fue elegida para representar a nuestra ciudad. <img loading=\"lazy\" decoding=\"async\" height=\"16\" width=\"16\" src=\"https:\/\/static.xx.fbcdn.net\/images\/emoji.php\/v9\/tc0\/1\/16\/1f30e.png\" alt=\"&#x1f30e;\"> Durante el desfile interpretar\u00e1n la emotiva zamba Lunita Tucumana y tambi\u00e9n participar\u00e1n en los Espect\u00e1culos Callejeros y en el Patio del Festival el domingo 26, acompa\u00f1ando al D\u00fao Coplanacu. <\/p>\n\n\n\n<p>El s\u00e1bado 25 de enero, 20 talentosos bailarines de Coronda estar\u00e1n dejando nuestra bandera en lo m\u00e1s alto en este festival \u00fanico.<\/p>\n","protected":false},"excerpt":{"rendered":"<p>La Academia de Danzas Folkl\u00f3ricas Argentinas de Coronda y el Ballet Renacer, bajo la direcci\u00f3n de la [&hellip;]<\/p>\n","protected":false},"author":3,"featured_media":4937,"comment_status":"open","ping_status":"open","sticky":false,"template":"","format":"standard","meta":{"_jetpack_memberships_contains_paid_content":false,"footnotes":"","jetpack_publicize_message":"","jetpack_publicize_feature_enabled":true,"jetpack_social_post_already_shared":true,"jetpack_social_options":{"image_generator_settings":{"template":"highway","enabled":false}}},"categories":[15],"tags":[],"jetpack_publicize_connections":[],"jetpack_featured_media_url":"http:\/\/enteculturalsantafesino.com.ar\/usina4\/wp-content\/uploads\/2025\/01\/474862759_1021361766697742_4310791217507516978_n.jpg","jetpack_sharing_enabled":true,"_links":{"self":[{"href":"http:\/\/enteculturalsantafesino.com.ar\/usina4\/wp-json\/wp\/v2\/posts\/4936"}],"collection":[{"href":"http:\/\/enteculturalsantafesino.com.ar\/usina4\/wp-json\/wp\/v2\/posts"}],"about":[{"href":"http:\/\/enteculturalsantafesino.com.ar\/usina4\/wp-json\/wp\/v2\/types\/post"}],"author":[{"embeddable":true,"href":"http:\/\/enteculturalsantafesino.com.ar\/usina4\/wp-json\/wp\/v2\/users\/3"}],"replies":[{"embeddable":true,"href":"http:\/\/enteculturalsantafesino.com.ar\/usina4\/wp-json\/wp\/v2\/comments?post=4936"}],"version-history":[{"count":1,"href":"http:\/\/enteculturalsantafesino.com.ar\/usina4\/wp-json\/wp\/v2\/posts\/4936\/revisions"}],"predecessor-version":[{"id":4938,"href":"http:\/\/enteculturalsantafesino.com.ar\/usina4\/wp-json\/wp\/v2\/posts\/4936\/revisions\/4938"}],"wp:featuredmedia":[{"embeddable":true,"href":"http:\/\/enteculturalsantafesino.com.ar\/usina4\/wp-json\/wp\/v2\/media\/4937"}],"wp:attachment":[{"href":"http:\/\/enteculturalsantafesino.com.ar\/usina4\/wp-json\/wp\/v2\/media?parent=4936"}],"wp:term":[{"taxonomy":"category","embeddable":true,"href":"http:\/\/enteculturalsantafesino.com.ar\/usina4\/wp-json\/wp\/v2\/categories?post=4936"},{"taxonomy":"post_tag","embeddable":true,"href":"http:\/\/enteculturalsantafesino.com.ar\/usina4\/wp-json\/wp\/v2\/tags?post=4936"}],"curies":[{"name":"wp","href":"https:\/\/api.w.org\/{rel}","templated":true}]}}