{"id":4949,"date":"2025-02-10T11:01:45","date_gmt":"2025-02-10T11:01:45","guid":{"rendered":"http:\/\/enteculturalsantafesino.com.ar\/usina4\/?p=4949"},"modified":"2025-02-10T11:01:55","modified_gmt":"2025-02-10T11:01:55","slug":"cultura-a-la-carta-cerro-su-ciclo-en-una-noche-inolvidable-en-galvez","status":"publish","type":"post","link":"http:\/\/enteculturalsantafesino.com.ar\/usina4\/2025\/02\/cultura-a-la-carta-cerro-su-ciclo-en-una-noche-inolvidable-en-galvez\/","title":{"rendered":"\u00abCultura a la carta\u00bb cerr\u00f3 su ciclo en una noche inolvidable en G\u00e1lvez"},"content":{"rendered":"\n<p>El Municipio de G\u00e1lvez, a trav\u00e9s de la Direcci\u00f3n de Cultura, llev\u00f3 adelante la \u00faltima edici\u00f3n de Cultura a la Carta, una propuesta que volvi\u00f3 a convocar a gran cantidad de p\u00fablico en una velada llena de arte, m\u00fasica y tradici\u00f3n, acompa\u00f1ada por los bares cercanos y las tres cervecer\u00edas locales.<\/p>\n\n\n\n<p>Los artistas que hicieron vibrar la noche:<\/p>\n\n\n\n<p>Luisina Correa y Joaqu\u00edn Ben\u00edtez<\/p>\n\n\n\n<p>D\u00fao Retruco junto a los bailarines Ezequiel Loss y Brunella Moyano<\/p>\n\n\n\n<p>Mat\u00edas Vilca<\/p>\n\n\n\n<p>Juan Surmuller Nioi e I\u00f1aki Albil<\/p>\n\n\n\n<p>Astor Aquino<\/p>\n\n\n\n<p>Vor\u00e1gine<\/p>\n\n\n\n<p>\u00a1Gracias a todos los que fueron parte de esta incre\u00edble propuesta! Cultura a la Carta se despide dejando su huella en el verano galvense!<\/p>\n","protected":false},"excerpt":{"rendered":"<p>El Municipio de G\u00e1lvez, a trav\u00e9s de la Direcci\u00f3n de Cultura, llev\u00f3 adelante la \u00faltima edici\u00f3n de [&hellip;]<\/p>\n","protected":false},"author":3,"featured_media":4950,"comment_status":"open","ping_status":"open","sticky":false,"template":"","format":"standard","meta":{"_jetpack_memberships_contains_paid_content":false,"footnotes":"","jetpack_publicize_message":"","jetpack_publicize_feature_enabled":true,"jetpack_social_post_already_shared":true,"jetpack_social_options":{"image_generator_settings":{"template":"highway","enabled":false}}},"categories":[13],"tags":[],"jetpack_publicize_connections":[],"jetpack_featured_media_url":"http:\/\/enteculturalsantafesino.com.ar\/usina4\/wp-content\/uploads\/2025\/02\/475943121_1064881999015684_3802309906839671384_n.jpg","jetpack_sharing_enabled":true,"_links":{"self":[{"href":"http:\/\/enteculturalsantafesino.com.ar\/usina4\/wp-json\/wp\/v2\/posts\/4949"}],"collection":[{"href":"http:\/\/enteculturalsantafesino.com.ar\/usina4\/wp-json\/wp\/v2\/posts"}],"about":[{"href":"http:\/\/enteculturalsantafesino.com.ar\/usina4\/wp-json\/wp\/v2\/types\/post"}],"author":[{"embeddable":true,"href":"http:\/\/enteculturalsantafesino.com.ar\/usina4\/wp-json\/wp\/v2\/users\/3"}],"replies":[{"embeddable":true,"href":"http:\/\/enteculturalsantafesino.com.ar\/usina4\/wp-json\/wp\/v2\/comments?post=4949"}],"version-history":[{"count":1,"href":"http:\/\/enteculturalsantafesino.com.ar\/usina4\/wp-json\/wp\/v2\/posts\/4949\/revisions"}],"predecessor-version":[{"id":4951,"href":"http:\/\/enteculturalsantafesino.com.ar\/usina4\/wp-json\/wp\/v2\/posts\/4949\/revisions\/4951"}],"wp:featuredmedia":[{"embeddable":true,"href":"http:\/\/enteculturalsantafesino.com.ar\/usina4\/wp-json\/wp\/v2\/media\/4950"}],"wp:attachment":[{"href":"http:\/\/enteculturalsantafesino.com.ar\/usina4\/wp-json\/wp\/v2\/media?parent=4949"}],"wp:term":[{"taxonomy":"category","embeddable":true,"href":"http:\/\/enteculturalsantafesino.com.ar\/usina4\/wp-json\/wp\/v2\/categories?post=4949"},{"taxonomy":"post_tag","embeddable":true,"href":"http:\/\/enteculturalsantafesino.com.ar\/usina4\/wp-json\/wp\/v2\/tags?post=4949"}],"curies":[{"name":"wp","href":"https:\/\/api.w.org\/{rel}","templated":true}]}}