{"id":4964,"date":"2025-06-23T01:30:05","date_gmt":"2025-06-23T01:30:05","guid":{"rendered":"https:\/\/enteculturalsantafesino.com.ar\/usina4\/?p=4964"},"modified":"2025-06-23T15:00:53","modified_gmt":"2025-06-23T15:00:53","slug":"forma-y-color-homenajeara-a-horacio-guarany-en-el-centenario-de-su-natalicio","status":"publish","type":"post","link":"http:\/\/enteculturalsantafesino.com.ar\/usina4\/2025\/06\/forma-y-color-homenajeara-a-horacio-guarany-en-el-centenario-de-su-natalicio\/","title":{"rendered":"\u00abForma y Color\u00bb homenajear\u00e1 a Horacio Guarany en el centenario de su natalicio."},"content":{"rendered":"\n<p>El <strong>Ente Cultural Santafesino&nbsp;rendir\u00e1 un reconocimiento al cantor santafesino mediante obras plasticas de las distintas comunidades q<\/strong>ue integran dicho espacio cultural conmemorando loa 100 a\u00f1os de su nacimiento.<\/p>\n\n\n\n<p>El <strong>lunes 14 de julio<\/strong> en la ciudad de <strong>Recreo<\/strong>, m\u00e1s de 100 obras provenientes de las distintas localidades adheridas a dicho espacio cultural se expondr\u00e1n en las instalaciones\u00a0de la\u00a0<strong>Casa de la Historia y la Cultura del Bicentenario\u00a0(Aldao 950)<\/strong><\/p>\n\n\n\n<p>El presidente del Ente Cultural Santafesino Silvio Oliva manifest\u00f3 que <em>\u00abeste programa naci\u00f3 junto al Ente Cultural Santafesino posibilitando descubrir y promover el talento de nuestros artistas pl\u00e1sticos\u00bb. \u00abSu galer\u00eda virtual Guillermina Milocco nos permite fortalecer los v\u00ednculos art\u00edsticos, generando mayores posibilidades de difusi\u00f3n e intercambio cultural y territorial\u00bb.<\/em><\/p>\n\n\n\n<p><em>\u00abDurante este 2025, celebramos los cien a\u00f1os de nuestro cantor mediante la inspiraci\u00f3n de nuestros artistas pl\u00e1sticos que reflejar\u00e1n la obra del compositor del norte santafesino.\u00bb<\/em><\/p>\n\n\n\n<p><em>\u00abLas composiciones de Don Horacio, ser\u00e1n el faro de creatividad en donde se encontrar\u00e1n un centenar de obras, visibilizando al caminante, el vino, la mujer, la paz, el mate, el suelo, la patria, la dictadura, la pasi\u00f3n, la guitarra, entre diversos disparadores, transformadas en canciones que son tesoros del cancionero popular\u00bb<\/em><\/p>\n\n\n\n<p>El&nbsp;Programa <strong>\u00abForma y Color\u00bb&nbsp;<\/strong>desde hace quince a\u00f1os, dicho programa,&nbsp;posee como finalidad organizar m\u00faltiples y diversas muestras de artistas pl\u00e1sticos, los cuales exponen sus trabajos en diversas jornadas&nbsp;programadas dentro del calendario dispuesto por cada Usina Cultural, originando un espacio de interacci\u00f3n entre distintas personalidades (artistas),&nbsp;t\u00e9cnicas,&nbsp;y habitantes de nuestra provincia.<\/p>\n","protected":false},"excerpt":{"rendered":"<p>El Ente Cultural Santafesino&nbsp;rendir\u00e1 un reconocimiento al cantor santafesino mediante obras plasticas de las distintas comunidades que [&hellip;]<\/p>\n","protected":false},"author":3,"featured_media":4965,"comment_status":"open","ping_status":"open","sticky":false,"template":"","format":"standard","meta":{"_jetpack_memberships_contains_paid_content":false,"footnotes":"","jetpack_publicize_message":"","jetpack_publicize_feature_enabled":true,"jetpack_social_post_already_shared":true,"jetpack_social_options":{"image_generator_settings":{"template":"highway","enabled":false}}},"categories":[6,9],"tags":[],"jetpack_publicize_connections":[],"jetpack_featured_media_url":"http:\/\/enteculturalsantafesino.com.ar\/usina4\/wp-content\/uploads\/2025\/06\/128de773-7338-4095-bd7a-62640a5a69b4.jpg","jetpack_sharing_enabled":true,"_links":{"self":[{"href":"http:\/\/enteculturalsantafesino.com.ar\/usina4\/wp-json\/wp\/v2\/posts\/4964"}],"collection":[{"href":"http:\/\/enteculturalsantafesino.com.ar\/usina4\/wp-json\/wp\/v2\/posts"}],"about":[{"href":"http:\/\/enteculturalsantafesino.com.ar\/usina4\/wp-json\/wp\/v2\/types\/post"}],"author":[{"embeddable":true,"href":"http:\/\/enteculturalsantafesino.com.ar\/usina4\/wp-json\/wp\/v2\/users\/3"}],"replies":[{"embeddable":true,"href":"http:\/\/enteculturalsantafesino.com.ar\/usina4\/wp-json\/wp\/v2\/comments?post=4964"}],"version-history":[{"count":2,"href":"http:\/\/enteculturalsantafesino.com.ar\/usina4\/wp-json\/wp\/v2\/posts\/4964\/revisions"}],"predecessor-version":[{"id":4967,"href":"http:\/\/enteculturalsantafesino.com.ar\/usina4\/wp-json\/wp\/v2\/posts\/4964\/revisions\/4967"}],"wp:featuredmedia":[{"embeddable":true,"href":"http:\/\/enteculturalsantafesino.com.ar\/usina4\/wp-json\/wp\/v2\/media\/4965"}],"wp:attachment":[{"href":"http:\/\/enteculturalsantafesino.com.ar\/usina4\/wp-json\/wp\/v2\/media?parent=4964"}],"wp:term":[{"taxonomy":"category","embeddable":true,"href":"http:\/\/enteculturalsantafesino.com.ar\/usina4\/wp-json\/wp\/v2\/categories?post=4964"},{"taxonomy":"post_tag","embeddable":true,"href":"http:\/\/enteculturalsantafesino.com.ar\/usina4\/wp-json\/wp\/v2\/tags?post=4964"}],"curies":[{"name":"wp","href":"https:\/\/api.w.org\/{rel}","templated":true}]}}