{"id":4968,"date":"2025-07-05T15:41:00","date_gmt":"2025-07-05T15:41:00","guid":{"rendered":"https:\/\/enteculturalsantafesino.com.ar\/usina4\/?p=4968"},"modified":"2025-07-05T15:41:02","modified_gmt":"2025-07-05T15:41:02","slug":"encuentro-con-la-nueva-directora-de-cultura-de-galvez","status":"publish","type":"post","link":"http:\/\/enteculturalsantafesino.com.ar\/usina4\/2025\/07\/encuentro-con-la-nueva-directora-de-cultura-de-galvez\/","title":{"rendered":"Encuentro con la nueva Directora de Cultura de G\u00e1lvez"},"content":{"rendered":"\n<p>La nueva <strong>directora de Cultura de G\u00e1lvez \u00a0Valeria Noste<\/strong> le hizo entrega a la\u00a0<strong>Directora de la Usina IV Ileana Albornoz <\/strong>de<strong>\u00a0<\/strong>la nota de\u00a0solicitud\u00a0que fundamenta la incorporaci\u00f3n del gobierno municipal<strong>,\u00a0<\/strong>comprometi\u00e9ndose junto al resto de los integrantes de la<strong>\u00a0Usina IV<\/strong>\u00a0a cumplir con los quehaceres culturales, de \u201centramado regional, pluralista y democr\u00e1tico\u201d.<\/p>\n\n\n\n<p>Motivo por lo cual el\u00a0<strong>Ente Cultural Santafesino<\/strong>\u00a0ha aceptado la solicitud convirti\u00e9ndose en un nuevo adherente, con la finalidad de generar los espacios de promoci\u00f3n y difusi\u00f3n desde la tarea de \u201cregionalizaci\u00f3n\u201d a trav\u00e9s del desarrollo productivo y cultural de nuestras comunidades santafesinas.<\/p>\n\n\n\n<p><strong>G\u00e1lvez<\/strong>\u00a0es una localidad del\u00a0Departamento San Jer\u00f3nimo, en el centro-sur. Por su poblaci\u00f3n, actividad industrial y comercial es la ciudad m\u00e1s importante del Departamento San Jer\u00f3nimo.<\/p>\n","protected":false},"excerpt":{"rendered":"<p>La nueva directora de Cultura de G\u00e1lvez \u00a0Valeria Noste le hizo entrega a la\u00a0Directora de la Usina [&hellip;]<\/p>\n","protected":false},"author":3,"featured_media":4969,"comment_status":"open","ping_status":"open","sticky":false,"template":"","format":"standard","meta":{"_jetpack_memberships_contains_paid_content":false,"footnotes":"","jetpack_publicize_message":"","jetpack_publicize_feature_enabled":true,"jetpack_social_post_already_shared":true,"jetpack_social_options":{"image_generator_settings":{"template":"highway","enabled":false}}},"categories":[13,6],"tags":[],"jetpack_publicize_connections":[],"jetpack_featured_media_url":"http:\/\/enteculturalsantafesino.com.ar\/usina4\/wp-content\/uploads\/2025\/07\/2c72db05-a248-4697-b737-9b5ae8dcf062.jpg","jetpack_sharing_enabled":true,"_links":{"self":[{"href":"http:\/\/enteculturalsantafesino.com.ar\/usina4\/wp-json\/wp\/v2\/posts\/4968"}],"collection":[{"href":"http:\/\/enteculturalsantafesino.com.ar\/usina4\/wp-json\/wp\/v2\/posts"}],"about":[{"href":"http:\/\/enteculturalsantafesino.com.ar\/usina4\/wp-json\/wp\/v2\/types\/post"}],"author":[{"embeddable":true,"href":"http:\/\/enteculturalsantafesino.com.ar\/usina4\/wp-json\/wp\/v2\/users\/3"}],"replies":[{"embeddable":true,"href":"http:\/\/enteculturalsantafesino.com.ar\/usina4\/wp-json\/wp\/v2\/comments?post=4968"}],"version-history":[{"count":1,"href":"http:\/\/enteculturalsantafesino.com.ar\/usina4\/wp-json\/wp\/v2\/posts\/4968\/revisions"}],"predecessor-version":[{"id":4970,"href":"http:\/\/enteculturalsantafesino.com.ar\/usina4\/wp-json\/wp\/v2\/posts\/4968\/revisions\/4970"}],"wp:featuredmedia":[{"embeddable":true,"href":"http:\/\/enteculturalsantafesino.com.ar\/usina4\/wp-json\/wp\/v2\/media\/4969"}],"wp:attachment":[{"href":"http:\/\/enteculturalsantafesino.com.ar\/usina4\/wp-json\/wp\/v2\/media?parent=4968"}],"wp:term":[{"taxonomy":"category","embeddable":true,"href":"http:\/\/enteculturalsantafesino.com.ar\/usina4\/wp-json\/wp\/v2\/categories?post=4968"},{"taxonomy":"post_tag","embeddable":true,"href":"http:\/\/enteculturalsantafesino.com.ar\/usina4\/wp-json\/wp\/v2\/tags?post=4968"}],"curies":[{"name":"wp","href":"https:\/\/api.w.org\/{rel}","templated":true}]}}