{"id":4984,"date":"2025-07-21T16:12:28","date_gmt":"2025-07-21T16:12:28","guid":{"rendered":"https:\/\/enteculturalsantafesino.com.ar\/usina4\/?p=4984"},"modified":"2025-07-21T16:12:31","modified_gmt":"2025-07-21T16:12:31","slug":"se-inauguro-forma-y-color-homenajeando-a-horacio-guarany-en-la-ciudad-de-recreo","status":"publish","type":"post","link":"http:\/\/enteculturalsantafesino.com.ar\/usina4\/2025\/07\/se-inauguro-forma-y-color-homenajeando-a-horacio-guarany-en-la-ciudad-de-recreo\/","title":{"rendered":"Se inaugur\u00f3 \u00abForma y Color\u00bb homenajeando a Horacio Guarany en la ciudad de Recreo"},"content":{"rendered":"\n<p>El Ente Cultural Santafesino&nbsp;junto a la Municipalidad de Recreo reconocieron al cantor santafesino mediante obras plasticas de las distintos puntos de la provincia de Santa Fe, conmemorando los 100 a\u00f1os de su nacimiento.<\/p>\n\n\n\n<p>El mi\u00e9rcoles 16 de julio en la Casa de la Historia y la Cultura del Bicentenario, obras provenientes de las distintas localidades adheridas al Ente Cultural Santafesino dijeron presentes, dando valor a la figura y obra del cantor popular.<\/p>\n\n\n\n<p>\u00abHoracio naci\u00f3 en mi comunidad y desde ah\u00ed su obra lleg\u00f3 al mundo\u00bb. \u00abHoy desde el Ente Cultural decimos presente y nuestros artistas pl\u00e1sticos elevan su figura\u00bb manifest\u00f3 Silvio Oliva.<\/p>\n\n\n\n<p>\u00abSu voz, sus canciones y su legado siguen siendo uno de los tesoros m\u00e1s importantes que tenemos como santafesinos\u00bb. Claudia Giaccone<\/p>\n","protected":false},"excerpt":{"rendered":"<p>El Ente Cultural Santafesino&nbsp;junto a la Municipalidad de Recreo reconocieron al cantor santafesino mediante obras plasticas de [&hellip;]<\/p>\n","protected":false},"author":3,"featured_media":4985,"comment_status":"open","ping_status":"open","sticky":false,"template":"","format":"standard","meta":{"_jetpack_memberships_contains_paid_content":false,"footnotes":"","jetpack_publicize_message":"","jetpack_publicize_feature_enabled":true,"jetpack_social_post_already_shared":true,"jetpack_social_options":{"image_generator_settings":{"template":"highway","enabled":false}}},"categories":[6,9],"tags":[],"jetpack_publicize_connections":[],"jetpack_featured_media_url":"http:\/\/enteculturalsantafesino.com.ar\/usina4\/wp-content\/uploads\/2025\/07\/485982a1-a3cb-4948-90ad-14ffed216305.jpg","jetpack_sharing_enabled":true,"_links":{"self":[{"href":"http:\/\/enteculturalsantafesino.com.ar\/usina4\/wp-json\/wp\/v2\/posts\/4984"}],"collection":[{"href":"http:\/\/enteculturalsantafesino.com.ar\/usina4\/wp-json\/wp\/v2\/posts"}],"about":[{"href":"http:\/\/enteculturalsantafesino.com.ar\/usina4\/wp-json\/wp\/v2\/types\/post"}],"author":[{"embeddable":true,"href":"http:\/\/enteculturalsantafesino.com.ar\/usina4\/wp-json\/wp\/v2\/users\/3"}],"replies":[{"embeddable":true,"href":"http:\/\/enteculturalsantafesino.com.ar\/usina4\/wp-json\/wp\/v2\/comments?post=4984"}],"version-history":[{"count":1,"href":"http:\/\/enteculturalsantafesino.com.ar\/usina4\/wp-json\/wp\/v2\/posts\/4984\/revisions"}],"predecessor-version":[{"id":4986,"href":"http:\/\/enteculturalsantafesino.com.ar\/usina4\/wp-json\/wp\/v2\/posts\/4984\/revisions\/4986"}],"wp:featuredmedia":[{"embeddable":true,"href":"http:\/\/enteculturalsantafesino.com.ar\/usina4\/wp-json\/wp\/v2\/media\/4985"}],"wp:attachment":[{"href":"http:\/\/enteculturalsantafesino.com.ar\/usina4\/wp-json\/wp\/v2\/media?parent=4984"}],"wp:term":[{"taxonomy":"category","embeddable":true,"href":"http:\/\/enteculturalsantafesino.com.ar\/usina4\/wp-json\/wp\/v2\/categories?post=4984"},{"taxonomy":"post_tag","embeddable":true,"href":"http:\/\/enteculturalsantafesino.com.ar\/usina4\/wp-json\/wp\/v2\/tags?post=4984"}],"curies":[{"name":"wp","href":"https:\/\/api.w.org\/{rel}","templated":true}]}}