{"id":5000,"date":"2025-08-23T15:33:07","date_gmt":"2025-08-23T15:33:07","guid":{"rendered":"https:\/\/enteculturalsantafesino.com.ar\/usina4\/?p=5000"},"modified":"2025-08-23T15:33:10","modified_gmt":"2025-08-23T15:33:10","slug":"el-presidente-del-ente-cultural-santafesino-recorrio-comunidades-del-dpto-san-justo","status":"publish","type":"post","link":"http:\/\/enteculturalsantafesino.com.ar\/usina4\/2025\/08\/el-presidente-del-ente-cultural-santafesino-recorrio-comunidades-del-dpto-san-justo\/","title":{"rendered":"El Presidente del Ente Cultural Santafesino recorri\u00f3 comunidades del dpto San Justo"},"content":{"rendered":"\n<p>Durante la jornada del mi\u00e9rcoles 20 el presidente del Ente Cultural Santafesino Silvio Oliva junto al Director de la Usina II Cristian Nicola mantuvieron reuniones con comunidades del dpto. San Justo.<\/p>\n\n\n\n<p>De las visitas a cada comunidad se dispusieron estrategias de trabajos con el objetivo de fortalecer esta nueva microregi\u00f3n desde el portal del norte santafesino.<\/p>\n\n\n\n<p>Silvio Oliva agradeci\u00f3 a la Secretaria de Cultura de San Justo, a la Comuna de Colonia Angeloni, al Museo Sebasti\u00e1n Puig y a la Biblioteca Estanislao Zeballos de Gobernador Crespo por su atenci\u00f3n y predisposici\u00f3n en este encuentro de trabajo con la cultura federal<\/p>\n","protected":false},"excerpt":{"rendered":"<p>Durante la jornada del mi\u00e9rcoles 20 el presidente del Ente Cultural Santafesino Silvio Oliva junto al Director [&hellip;]<\/p>\n","protected":false},"author":3,"featured_media":5001,"comment_status":"open","ping_status":"open","sticky":false,"template":"","format":"standard","meta":{"_jetpack_memberships_contains_paid_content":false,"footnotes":"","jetpack_publicize_message":"","jetpack_publicize_feature_enabled":true,"jetpack_social_post_already_shared":true,"jetpack_social_options":{"image_generator_settings":{"template":"highway","enabled":false}}},"categories":[6,33],"tags":[],"jetpack_publicize_connections":[],"jetpack_featured_media_url":"http:\/\/enteculturalsantafesino.com.ar\/usina4\/wp-content\/uploads\/2025\/08\/60f3f09b-f1c5-4bcf-8bfa-7f2da5469bc9.jpg","jetpack_sharing_enabled":true,"_links":{"self":[{"href":"http:\/\/enteculturalsantafesino.com.ar\/usina4\/wp-json\/wp\/v2\/posts\/5000"}],"collection":[{"href":"http:\/\/enteculturalsantafesino.com.ar\/usina4\/wp-json\/wp\/v2\/posts"}],"about":[{"href":"http:\/\/enteculturalsantafesino.com.ar\/usina4\/wp-json\/wp\/v2\/types\/post"}],"author":[{"embeddable":true,"href":"http:\/\/enteculturalsantafesino.com.ar\/usina4\/wp-json\/wp\/v2\/users\/3"}],"replies":[{"embeddable":true,"href":"http:\/\/enteculturalsantafesino.com.ar\/usina4\/wp-json\/wp\/v2\/comments?post=5000"}],"version-history":[{"count":1,"href":"http:\/\/enteculturalsantafesino.com.ar\/usina4\/wp-json\/wp\/v2\/posts\/5000\/revisions"}],"predecessor-version":[{"id":5002,"href":"http:\/\/enteculturalsantafesino.com.ar\/usina4\/wp-json\/wp\/v2\/posts\/5000\/revisions\/5002"}],"wp:featuredmedia":[{"embeddable":true,"href":"http:\/\/enteculturalsantafesino.com.ar\/usina4\/wp-json\/wp\/v2\/media\/5001"}],"wp:attachment":[{"href":"http:\/\/enteculturalsantafesino.com.ar\/usina4\/wp-json\/wp\/v2\/media?parent=5000"}],"wp:term":[{"taxonomy":"category","embeddable":true,"href":"http:\/\/enteculturalsantafesino.com.ar\/usina4\/wp-json\/wp\/v2\/categories?post=5000"},{"taxonomy":"post_tag","embeddable":true,"href":"http:\/\/enteculturalsantafesino.com.ar\/usina4\/wp-json\/wp\/v2\/tags?post=5000"}],"curies":[{"name":"wp","href":"https:\/\/api.w.org\/{rel}","templated":true}]}}