{"id":5019,"date":"2026-04-29T22:42:00","date_gmt":"2026-04-29T22:42:00","guid":{"rendered":"https:\/\/enteculturalsantafesino.com.ar\/usina4\/?p=5019"},"modified":"2026-04-29T22:42:03","modified_gmt":"2026-04-29T22:42:03","slug":"galvez-fue-sede-del-primer-encuentro-de-la-usina-cultural-iv","status":"publish","type":"post","link":"http:\/\/enteculturalsantafesino.com.ar\/usina4\/2026\/04\/galvez-fue-sede-del-primer-encuentro-de-la-usina-cultural-iv\/","title":{"rendered":"G\u00e1lvez fue sede del primer encuentro de la Usina Cultural IV"},"content":{"rendered":"\n<p>En la comunidad del dpto San Jer\u00f3nimo el martes 28 se llev\u00f3 a cabo la primera reuni\u00f3n de trabajo de la Usina Cultural IV.<\/p>\n\n\n\n<p>La misma cont\u00f3 con la presencia de las Directoras de la Usina, autoridades y referentes culturales de las comunidades que integran dicha regi\u00f3n cultural.<\/p>\n\n\n\n<p>El temario abordado cont\u00f3 con la definici\u00f3n del cronograma de los disitintos programas:\u00a0\u201cForma y Color\u00bb (mayo), \u00abConsejo Cultural J\u00f3ven,\u00a0 \u201cOjos de Santa Fe\u00bb, \u201cClave de Cuento\u201d, \u201cDe Pueblo en Pueblo\u201d, \u201cArte en Pelotas\u201d , \u00abLas Nanas de Cecilia\u201d y \u00abCapacitaci\u00f3n en Redes\u00bb.<\/p>\n\n\n\n<p>La Usina Cultural IV se encuentra integrada por:\u00a0 Bernardo de Irigoyen, G\u00e1lvez, Coronda, San Carlos Norte, L\u00f3pez y<br>Santa Clara de Buena Vista<\/p>\n","protected":false},"excerpt":{"rendered":"<p>En la comunidad del dpto San Jer\u00f3nimo el martes 28 se llev\u00f3 a cabo la primera reuni\u00f3n [&hellip;]<\/p>\n","protected":false},"author":3,"featured_media":5020,"comment_status":"open","ping_status":"open","sticky":false,"template":"","format":"standard","meta":{"_jetpack_memberships_contains_paid_content":false,"footnotes":"","jetpack_publicize_message":"","jetpack_publicize_feature_enabled":true,"jetpack_social_post_already_shared":true,"jetpack_social_options":{"image_generator_settings":{"template":"highway","enabled":false}}},"categories":[13,6],"tags":[],"jetpack_publicize_connections":[],"jetpack_featured_media_url":"http:\/\/enteculturalsantafesino.com.ar\/usina4\/wp-content\/uploads\/2026\/04\/7c8d1b5f-2196-4fe3-a12f-9f1b8131e2a1.jpg","jetpack_sharing_enabled":true,"_links":{"self":[{"href":"http:\/\/enteculturalsantafesino.com.ar\/usina4\/wp-json\/wp\/v2\/posts\/5019"}],"collection":[{"href":"http:\/\/enteculturalsantafesino.com.ar\/usina4\/wp-json\/wp\/v2\/posts"}],"about":[{"href":"http:\/\/enteculturalsantafesino.com.ar\/usina4\/wp-json\/wp\/v2\/types\/post"}],"author":[{"embeddable":true,"href":"http:\/\/enteculturalsantafesino.com.ar\/usina4\/wp-json\/wp\/v2\/users\/3"}],"replies":[{"embeddable":true,"href":"http:\/\/enteculturalsantafesino.com.ar\/usina4\/wp-json\/wp\/v2\/comments?post=5019"}],"version-history":[{"count":1,"href":"http:\/\/enteculturalsantafesino.com.ar\/usina4\/wp-json\/wp\/v2\/posts\/5019\/revisions"}],"predecessor-version":[{"id":5021,"href":"http:\/\/enteculturalsantafesino.com.ar\/usina4\/wp-json\/wp\/v2\/posts\/5019\/revisions\/5021"}],"wp:featuredmedia":[{"embeddable":true,"href":"http:\/\/enteculturalsantafesino.com.ar\/usina4\/wp-json\/wp\/v2\/media\/5020"}],"wp:attachment":[{"href":"http:\/\/enteculturalsantafesino.com.ar\/usina4\/wp-json\/wp\/v2\/media?parent=5019"}],"wp:term":[{"taxonomy":"category","embeddable":true,"href":"http:\/\/enteculturalsantafesino.com.ar\/usina4\/wp-json\/wp\/v2\/categories?post=5019"},{"taxonomy":"post_tag","embeddable":true,"href":"http:\/\/enteculturalsantafesino.com.ar\/usina4\/wp-json\/wp\/v2\/tags?post=5019"}],"curies":[{"name":"wp","href":"https:\/\/api.w.org\/{rel}","templated":true}]}}