{"id":66,"date":"2013-07-20T22:28:13","date_gmt":"2013-07-20T22:28:13","guid":{"rendered":"http:\/\/entecultura.com.ar\/usina4\/?p=66"},"modified":"2013-07-20T22:28:13","modified_gmt":"2013-07-20T22:28:13","slug":"santa-rosa-de-calchines-tendra-su-nac","status":"publish","type":"post","link":"http:\/\/enteculturalsantafesino.com.ar\/usina4\/2013\/07\/santa-rosa-de-calchines-tendra-su-nac\/","title":{"rendered":"Santa Rosa de Calchines tendr\u00e1 su NAC"},"content":{"rendered":"<p>Los NAC son espacios p\u00fablicos de inclusi\u00f3n digital que brindan, a todos los habitantes y en igualdad de condiciones, <a href=\"http:\/\/enteculturalsantafesino.com.ar\/usina4\/wp-content\/uploads\/2013\/07\/748fa0c35d924105ec8fc3bec48bf2c5_w300.jpg\" rel=\"lightbox[66]\"><img loading=\"lazy\" decoding=\"async\" class=\"size-full wp-image-67 alignright\" alt=\"748fa0c35d924105ec8fc3bec48bf2c5_w300\" src=\"http:\/\/enteculturalsantafesino.com.ar\/usina4\/wp-content\/uploads\/2013\/07\/748fa0c35d924105ec8fc3bec48bf2c5_w300.jpg\" width=\"300\" height=\"146\" \/><\/a>conectividad libre y gratuita y acceso a las nuevas Tecnolog\u00edas de la Informaci\u00f3n y de las Comunicaciones. Se equipara con 20 computadoras de ultima generaci\u00f3n,un espacio de microcine, y un espacio de entretenimiento digital, de acceso gratuito para grandes y chicos.<\/p>\n","protected":false},"excerpt":{"rendered":"<p>Los NAC son espacios p\u00fablicos de inclusi\u00f3n digital que brindan, a todos los habitantes y en igualdad [&hellip;]<\/p>\n","protected":false},"author":3,"featured_media":67,"comment_status":"open","ping_status":"open","sticky":false,"template":"","format":"standard","meta":{"_jetpack_memberships_contains_paid_content":false,"footnotes":"","jetpack_publicize_message":"","jetpack_publicize_feature_enabled":true,"jetpack_social_post_already_shared":false,"jetpack_social_options":{"image_generator_settings":{"template":"highway","enabled":false}}},"categories":[4],"tags":[],"jetpack_publicize_connections":[],"jetpack_featured_media_url":"http:\/\/enteculturalsantafesino.com.ar\/usina4\/wp-content\/uploads\/2013\/07\/748fa0c35d924105ec8fc3bec48bf2c5_w300.jpg","jetpack_sharing_enabled":true,"_links":{"self":[{"href":"http:\/\/enteculturalsantafesino.com.ar\/usina4\/wp-json\/wp\/v2\/posts\/66"}],"collection":[{"href":"http:\/\/enteculturalsantafesino.com.ar\/usina4\/wp-json\/wp\/v2\/posts"}],"about":[{"href":"http:\/\/enteculturalsantafesino.com.ar\/usina4\/wp-json\/wp\/v2\/types\/post"}],"author":[{"embeddable":true,"href":"http:\/\/enteculturalsantafesino.com.ar\/usina4\/wp-json\/wp\/v2\/users\/3"}],"replies":[{"embeddable":true,"href":"http:\/\/enteculturalsantafesino.com.ar\/usina4\/wp-json\/wp\/v2\/comments?post=66"}],"version-history":[{"count":0,"href":"http:\/\/enteculturalsantafesino.com.ar\/usina4\/wp-json\/wp\/v2\/posts\/66\/revisions"}],"wp:featuredmedia":[{"embeddable":true,"href":"http:\/\/enteculturalsantafesino.com.ar\/usina4\/wp-json\/wp\/v2\/media\/67"}],"wp:attachment":[{"href":"http:\/\/enteculturalsantafesino.com.ar\/usina4\/wp-json\/wp\/v2\/media?parent=66"}],"wp:term":[{"taxonomy":"category","embeddable":true,"href":"http:\/\/enteculturalsantafesino.com.ar\/usina4\/wp-json\/wp\/v2\/categories?post=66"},{"taxonomy":"post_tag","embeddable":true,"href":"http:\/\/enteculturalsantafesino.com.ar\/usina4\/wp-json\/wp\/v2\/tags?post=66"}],"curies":[{"name":"wp","href":"https:\/\/api.w.org\/{rel}","templated":true}]}}