{"id":1073,"date":"2015-02-02T15:24:07","date_gmt":"2015-02-02T15:24:07","guid":{"rendered":"http:\/\/entecultura.com.ar\/usina5\/?p=1073"},"modified":"2015-02-02T15:24:07","modified_gmt":"2015-02-02T15:24:07","slug":"suardi-se-viene-la-segunda-edicion-delo-que-ellas-dicen","status":"publish","type":"post","link":"http:\/\/enteculturalsantafesino.com.ar\/usina5\/2015\/02\/suardi-se-viene-la-segunda-edicion-delo-que-ellas-dicen\/","title":{"rendered":"SUARDI: Se viene la segunda edici\u00f3n de\u201cLo que ellas dicen\u2026\u201d"},"content":{"rendered":"<p>En el marco del D\u00eda Internacional de la Mujer, en el a\u00f1o 2014, la Secretar\u00eda de Cultura y Educaci\u00f3n de la Comuna de Suardi y la Biblioteca Popular \u201cDomingo F. Sarmiento\u201d, llevaron cabo dos interesantes actividades. Una de ellas fue la presentaci\u00f3n de \u201cLo que ellas dicen\u201d, una propuesta editorial pensada para liberar las voces de las mujeres que escriben y dicen.<a href=\"http:\/\/enteculturalsantafesino.com.ar\/usina5\/wp-content\/uploads\/2015\/02\/casart2631u00BA.jpg\" rel=\"lightbox[1073]\"><img loading=\"lazy\" decoding=\"async\" class=\" size-medium wp-image-1074 alignright\" src=\"http:\/\/enteculturalsantafesino.com.ar\/usina5\/wp-content\/uploads\/2015\/02\/casart2631u00BA-300x225.jpg\" alt=\"casart2631u00BA\" width=\"300\" height=\"225\" srcset=\"http:\/\/enteculturalsantafesino.com.ar\/usina5\/wp-content\/uploads\/2015\/02\/casart2631u00BA-300x225.jpg 300w, http:\/\/enteculturalsantafesino.com.ar\/usina5\/wp-content\/uploads\/2015\/02\/casart2631u00BA.jpg 576w\" sizes=\"(max-width: 300px) 100vw, 300px\" \/><\/a><\/p>\n<p>A trav\u00e9s de esta\u00a0 propuesta editorial se congrega y convoca\u00a0nuevamente\u00a0a<strong> mujeres <\/strong>de Suardi a formar parte del proyecto, enviando a la Biblioteca Popular Domingo Faustino Sarmiento o a la Secretar\u00eda de Cultura y Educaci\u00f3n de la Comuna de Suardi <span style=\"text-decoration: underline;\">una<\/span> creaci\u00f3n literaria (prosa o verso) <span style=\"text-decoration: underline;\">hasta el 10\u00a0de febrero<\/span> <span style=\"text-decoration: underline;\">en formato digital<\/span>.<\/p>\n<p>Cabe destacar que cualquier mujer puede participar, no es requisito que sea escritora.\u00a0<em>La idea es que todas encuentren en esta propuesta un espacio para expresarse y se escuchen las diversas voces del pueblo.<\/em><\/p>\n<p><em>\u00a0<\/em><\/p>\n","protected":false},"excerpt":{"rendered":"<p>En el marco del D\u00eda Internacional de la Mujer, en el a\u00f1o 2014, la Secretar\u00eda de Cultura [&hellip;]<\/p>\n","protected":false},"author":3,"featured_media":1074,"comment_status":"open","ping_status":"open","sticky":false,"template":"","format":"standard","meta":{"_jetpack_memberships_contains_paid_content":false,"footnotes":"","jetpack_publicize_message":"","jetpack_publicize_feature_enabled":true,"jetpack_social_post_already_shared":true,"jetpack_social_options":{"image_generator_settings":{"template":"highway","enabled":false}}},"categories":[2],"tags":[],"jetpack_publicize_connections":[],"jetpack_featured_media_url":"http:\/\/enteculturalsantafesino.com.ar\/usina5\/wp-content\/uploads\/2015\/02\/casart2631u00BA.jpg","jetpack_sharing_enabled":true,"_links":{"self":[{"href":"http:\/\/enteculturalsantafesino.com.ar\/usina5\/wp-json\/wp\/v2\/posts\/1073"}],"collection":[{"href":"http:\/\/enteculturalsantafesino.com.ar\/usina5\/wp-json\/wp\/v2\/posts"}],"about":[{"href":"http:\/\/enteculturalsantafesino.com.ar\/usina5\/wp-json\/wp\/v2\/types\/post"}],"author":[{"embeddable":true,"href":"http:\/\/enteculturalsantafesino.com.ar\/usina5\/wp-json\/wp\/v2\/users\/3"}],"replies":[{"embeddable":true,"href":"http:\/\/enteculturalsantafesino.com.ar\/usina5\/wp-json\/wp\/v2\/comments?post=1073"}],"version-history":[{"count":0,"href":"http:\/\/enteculturalsantafesino.com.ar\/usina5\/wp-json\/wp\/v2\/posts\/1073\/revisions"}],"wp:featuredmedia":[{"embeddable":true,"href":"http:\/\/enteculturalsantafesino.com.ar\/usina5\/wp-json\/wp\/v2\/media\/1074"}],"wp:attachment":[{"href":"http:\/\/enteculturalsantafesino.com.ar\/usina5\/wp-json\/wp\/v2\/media?parent=1073"}],"wp:term":[{"taxonomy":"category","embeddable":true,"href":"http:\/\/enteculturalsantafesino.com.ar\/usina5\/wp-json\/wp\/v2\/categories?post=1073"},{"taxonomy":"post_tag","embeddable":true,"href":"http:\/\/enteculturalsantafesino.com.ar\/usina5\/wp-json\/wp\/v2\/tags?post=1073"}],"curies":[{"name":"wp","href":"https:\/\/api.w.org\/{rel}","templated":true}]}}