{"id":1112,"date":"2015-02-27T13:22:32","date_gmt":"2015-02-27T13:22:32","guid":{"rendered":"http:\/\/entecultura.com.ar\/usina5\/?p=1112"},"modified":"2015-02-27T13:22:32","modified_gmt":"2015-02-27T13:22:32","slug":"suardi-finalizaron-exitosamente-los-talleres-de-verano","status":"publish","type":"post","link":"http:\/\/enteculturalsantafesino.com.ar\/usina5\/2015\/02\/suardi-finalizaron-exitosamente-los-talleres-de-verano\/","title":{"rendered":"Suardi: Finalizaron exitosamente los talleres de verano"},"content":{"rendered":"<p>A trav\u00e9s de estos talleres propuestos por la<a href=\"http:\/\/enteculturalsantafesino.com.ar\/usina5\/wp-content\/uploads\/2015\/02\/11016083_621959681239340_1482799718971935631_n.jpg\" rel=\"lightbox[1112]\"><img loading=\"lazy\" decoding=\"async\" class=\" size-medium wp-image-1113 alignright\" src=\"http:\/\/enteculturalsantafesino.com.ar\/usina5\/wp-content\/uploads\/2015\/02\/11016083_621959681239340_1482799718971935631_n-300x300.jpg\" alt=\"11016083_621959681239340_1482799718971935631_n\" width=\"300\" height=\"300\" srcset=\"http:\/\/enteculturalsantafesino.com.ar\/usina5\/wp-content\/uploads\/2015\/02\/11016083_621959681239340_1482799718971935631_n-300x300.jpg 300w, http:\/\/enteculturalsantafesino.com.ar\/usina5\/wp-content\/uploads\/2015\/02\/11016083_621959681239340_1482799718971935631_n-150x150.jpg 150w, http:\/\/enteculturalsantafesino.com.ar\/usina5\/wp-content\/uploads\/2015\/02\/11016083_621959681239340_1482799718971935631_n.jpg 402w\" sizes=\"(max-width: 300px) 100vw, 300px\" \/><\/a><\/p>\n<p>Secretar\u00eda de Cultura y Educaci\u00f3n de la Comuna de Suardi un n\u00famero importante de ni\u00f1os, j\u00f3venes y adultos pudieron compartir un espacio de creaci\u00f3n con nuevas alternativas en el \u00e1mbito cultural y art\u00edstico.<\/p>\n<p>Adem\u00e1s del taller de banda que continu\u00f3 en los meses de enero y febrero, se agregaron alternativas como Acrobacia en Tela coordinado por Mar\u00eda Bel\u00e9n Borgonovo y Danza Jazz-Contempor\u00e1nea a cargo de Azul Lazzaroni.<\/p>\n<p>Cada uno de estos \u00e1mbitos colm\u00f3 las expectativas tanto de los asistentes como los organizadores que siguen apostando al sostenimiento de la cultura local.<\/p>\n","protected":false},"excerpt":{"rendered":"<p>A trav\u00e9s de estos talleres propuestos por la Secretar\u00eda de Cultura y Educaci\u00f3n de la Comuna de [&hellip;]<\/p>\n","protected":false},"author":3,"featured_media":1113,"comment_status":"open","ping_status":"open","sticky":false,"template":"","format":"standard","meta":{"_jetpack_memberships_contains_paid_content":false,"footnotes":"","jetpack_publicize_message":"","jetpack_publicize_feature_enabled":true,"jetpack_social_post_already_shared":true,"jetpack_social_options":{"image_generator_settings":{"template":"highway","enabled":false}}},"categories":[2],"tags":[],"jetpack_publicize_connections":[],"jetpack_featured_media_url":"http:\/\/enteculturalsantafesino.com.ar\/usina5\/wp-content\/uploads\/2015\/02\/11016083_621959681239340_1482799718971935631_n.jpg","jetpack_sharing_enabled":true,"_links":{"self":[{"href":"http:\/\/enteculturalsantafesino.com.ar\/usina5\/wp-json\/wp\/v2\/posts\/1112"}],"collection":[{"href":"http:\/\/enteculturalsantafesino.com.ar\/usina5\/wp-json\/wp\/v2\/posts"}],"about":[{"href":"http:\/\/enteculturalsantafesino.com.ar\/usina5\/wp-json\/wp\/v2\/types\/post"}],"author":[{"embeddable":true,"href":"http:\/\/enteculturalsantafesino.com.ar\/usina5\/wp-json\/wp\/v2\/users\/3"}],"replies":[{"embeddable":true,"href":"http:\/\/enteculturalsantafesino.com.ar\/usina5\/wp-json\/wp\/v2\/comments?post=1112"}],"version-history":[{"count":0,"href":"http:\/\/enteculturalsantafesino.com.ar\/usina5\/wp-json\/wp\/v2\/posts\/1112\/revisions"}],"wp:featuredmedia":[{"embeddable":true,"href":"http:\/\/enteculturalsantafesino.com.ar\/usina5\/wp-json\/wp\/v2\/media\/1113"}],"wp:attachment":[{"href":"http:\/\/enteculturalsantafesino.com.ar\/usina5\/wp-json\/wp\/v2\/media?parent=1112"}],"wp:term":[{"taxonomy":"category","embeddable":true,"href":"http:\/\/enteculturalsantafesino.com.ar\/usina5\/wp-json\/wp\/v2\/categories?post=1112"},{"taxonomy":"post_tag","embeddable":true,"href":"http:\/\/enteculturalsantafesino.com.ar\/usina5\/wp-json\/wp\/v2\/tags?post=1112"}],"curies":[{"name":"wp","href":"https:\/\/api.w.org\/{rel}","templated":true}]}}