{"id":1256,"date":"2015-04-23T12:13:41","date_gmt":"2015-04-23T12:13:41","guid":{"rendered":"http:\/\/entecultura.com.ar\/usina5\/?p=1256"},"modified":"2015-04-23T12:13:41","modified_gmt":"2015-04-23T12:13:41","slug":"san-guillermo-reuion-y-coordinacion-con-artesanos","status":"publish","type":"post","link":"http:\/\/enteculturalsantafesino.com.ar\/usina5\/2015\/04\/san-guillermo-reuion-y-coordinacion-con-artesanos\/","title":{"rendered":"San Guillermo: Reui\u00f3n y Coordinaci\u00f3n  con Artesanos"},"content":{"rendered":"<p>En Sala de Conferencias de la Comuna, el <strong>Secretario de Cultura<a href=\"http:\/\/enteculturalsantafesino.com.ar\/usina5\/wp-content\/uploads\/2015\/04\/P1018594_1728x1296.jpg\" rel=\"lightbox[1256]\"><img loading=\"lazy\" decoding=\"async\" class=\" size-medium wp-image-1257 alignright\" src=\"http:\/\/enteculturalsantafesino.com.ar\/usina5\/wp-content\/uploads\/2015\/04\/P1018594_1728x1296-300x225.jpg\" alt=\"OLYMPUS DIGITAL CAMERA\" width=\"300\" height=\"225\" srcset=\"http:\/\/enteculturalsantafesino.com.ar\/usina5\/wp-content\/uploads\/2015\/04\/P1018594_1728x1296-300x225.jpg 300w, http:\/\/enteculturalsantafesino.com.ar\/usina5\/wp-content\/uploads\/2015\/04\/P1018594_1728x1296-1024x768.jpg 1024w, http:\/\/enteculturalsantafesino.com.ar\/usina5\/wp-content\/uploads\/2015\/04\/P1018594_1728x1296.jpg 1200w\" sizes=\"(max-width: 300px) 100vw, 300px\" \/><\/a><\/strong><\/p>\n<p><strong> Miguel Sterren<\/strong> y el colaborador<strong> Gabriel Ruiz<\/strong>, mantuvieron una reuni\u00f3n con integrantes del Grupo de Artesanos de la localidad, con el objeto de coordinar acciones conjuntas y organizar eventos. El entrante<strong> 1 y 2 de Mayo<\/strong>, se realizar\u00e1 un <strong>Paseo de Artesanos<\/strong> en el marco del evento <strong>\u00abArte en el Lago\u00bb<\/strong>, contando con asistencia de artesanos locales, regionales e inclusive de provincias aleda\u00f1as. Adem\u00e1s, el 25 de Mayo participar\u00e1n en la <em>2\u00b0 Fiesta de la Confraternidad Departamental<\/em>, siendo sede el Parque Comunal \u00abAlfonsina Storni\u00bb de nuestra localidad. Entre otros temas tratados, se concretar\u00e1 trabajo en conjunto con Gabinete Joven y se inform\u00f3 del <strong>Lanzamiento Oficial de la Usina V del Ente Cultural Santafesino<\/strong>, que se desarrollar\u00e1 el <strong>pr\u00f3ximo 5 de mayo<\/strong>, a las <em>19hs en el Centro Cultural de San Guillermo.<\/em><\/p>\n","protected":false},"excerpt":{"rendered":"<p>En Sala de Conferencias de la Comuna, el Secretario de Cultura Miguel Sterren y el colaborador Gabriel [&hellip;]<\/p>\n","protected":false},"author":3,"featured_media":1257,"comment_status":"open","ping_status":"open","sticky":false,"template":"","format":"standard","meta":{"_jetpack_memberships_contains_paid_content":false,"footnotes":"","jetpack_publicize_message":"","jetpack_publicize_feature_enabled":true,"jetpack_social_post_already_shared":true,"jetpack_social_options":{"image_generator_settings":{"template":"highway","enabled":false}}},"categories":[10],"tags":[],"jetpack_publicize_connections":[],"jetpack_featured_media_url":"http:\/\/enteculturalsantafesino.com.ar\/usina5\/wp-content\/uploads\/2015\/04\/P1018594_1728x1296.jpg","jetpack_sharing_enabled":true,"_links":{"self":[{"href":"http:\/\/enteculturalsantafesino.com.ar\/usina5\/wp-json\/wp\/v2\/posts\/1256"}],"collection":[{"href":"http:\/\/enteculturalsantafesino.com.ar\/usina5\/wp-json\/wp\/v2\/posts"}],"about":[{"href":"http:\/\/enteculturalsantafesino.com.ar\/usina5\/wp-json\/wp\/v2\/types\/post"}],"author":[{"embeddable":true,"href":"http:\/\/enteculturalsantafesino.com.ar\/usina5\/wp-json\/wp\/v2\/users\/3"}],"replies":[{"embeddable":true,"href":"http:\/\/enteculturalsantafesino.com.ar\/usina5\/wp-json\/wp\/v2\/comments?post=1256"}],"version-history":[{"count":0,"href":"http:\/\/enteculturalsantafesino.com.ar\/usina5\/wp-json\/wp\/v2\/posts\/1256\/revisions"}],"wp:featuredmedia":[{"embeddable":true,"href":"http:\/\/enteculturalsantafesino.com.ar\/usina5\/wp-json\/wp\/v2\/media\/1257"}],"wp:attachment":[{"href":"http:\/\/enteculturalsantafesino.com.ar\/usina5\/wp-json\/wp\/v2\/media?parent=1256"}],"wp:term":[{"taxonomy":"category","embeddable":true,"href":"http:\/\/enteculturalsantafesino.com.ar\/usina5\/wp-json\/wp\/v2\/categories?post=1256"},{"taxonomy":"post_tag","embeddable":true,"href":"http:\/\/enteculturalsantafesino.com.ar\/usina5\/wp-json\/wp\/v2\/tags?post=1256"}],"curies":[{"name":"wp","href":"https:\/\/api.w.org\/{rel}","templated":true}]}}