{"id":1512,"date":"2015-07-15T19:57:19","date_gmt":"2015-07-15T19:57:19","guid":{"rendered":"http:\/\/entecultura.com.ar\/usina5\/?p=1512"},"modified":"2015-07-15T19:57:19","modified_gmt":"2015-07-15T19:57:19","slug":"participa-de-hacelo-corto-el-concurso-de-cortometrajes-del-ente-cultural","status":"publish","type":"post","link":"http:\/\/enteculturalsantafesino.com.ar\/usina5\/2015\/07\/participa-de-hacelo-corto-el-concurso-de-cortometrajes-del-ente-cultural\/","title":{"rendered":"Particip\u00e1 de \u00abHacelo Corto\u00bb el Concurso de Cortometrajes del Ente Cultural"},"content":{"rendered":"<p>El <strong>Ente Cultural Santafesino<\/strong> convoca al<a href=\"http:\/\/enteculturalsantafesino.com.ar\/usina5\/wp-content\/uploads\/2015\/07\/hacelo-corto.jpg\" rel=\"lightbox[1512]\"><img loading=\"lazy\" decoding=\"async\" class=\"  wp-image-1513 alignright\" src=\"http:\/\/enteculturalsantafesino.com.ar\/usina5\/wp-content\/uploads\/2015\/07\/hacelo-corto-300x105.jpg\" alt=\"hacelo corto\" width=\"366\" height=\"128\" srcset=\"http:\/\/enteculturalsantafesino.com.ar\/usina5\/wp-content\/uploads\/2015\/07\/hacelo-corto-300x105.jpg 300w, http:\/\/enteculturalsantafesino.com.ar\/usina5\/wp-content\/uploads\/2015\/07\/hacelo-corto.jpg 699w\" sizes=\"(max-width: 366px) 100vw, 366px\" \/><\/a><\/p>\n<p><strong>Segundo Concurso de Cortometrajes \u201cHacelo Corto\u201d<\/strong>,<\/p>\n<p>organizado por los adherentes de dicho espacio, en adelante Comisi\u00f3n Organizadora.<\/p>\n<p>Podr\u00e1n participar del presente concurso instituciones educativas (formales o no formales) y productores independientes de las comunidades adheridas a dicho espacio<br \/>\nLas instituciones educativas participantes podr\u00e1n ser de car\u00e1cter p\u00fablico o privado y de cualquier nivel (inicial, primaria, media, adultos, art\u00edstica y especial).<\/p>\n<p>Cada instituci\u00f3n o participante podr\u00e1 presentar hasta 4 (cuatro) cortometrajes.<\/p>\n<p><strong>El concurso es de tem\u00e1tica libre.\u00a0<\/strong><\/p>\n<p>Establecerse como fecha de apertura del concurso el d\u00eda <strong>lunes 1 de junio<\/strong> y como fecha de cierre el d\u00eda 3<strong>0 de octubre de 2015.<\/strong><\/p>\n<p>El Cortometraje deber\u00e1 ser entregado a las Secretar\u00edas, Direcciones o Comisiones de Cultura local o enviado a: <em>cine@enteculturalsantafesino.com.ar<\/em><\/p>\n<p><strong>Consulta las bases en:\u00a0<\/strong>http:\/\/enteculturalsantafesino.com.ar\/hacelocorto\/<\/p>\n<p>&nbsp;<\/p>\n","protected":false},"excerpt":{"rendered":"<p>El Ente Cultural Santafesino convoca al Segundo Concurso de Cortometrajes \u201cHacelo Corto\u201d, organizado por los adherentes de [&hellip;]<\/p>\n","protected":false},"author":3,"featured_media":1513,"comment_status":"open","ping_status":"open","sticky":false,"template":"","format":"standard","meta":{"_jetpack_memberships_contains_paid_content":false,"footnotes":"","jetpack_publicize_message":"","jetpack_publicize_feature_enabled":true,"jetpack_social_post_already_shared":true,"jetpack_social_options":{"image_generator_settings":{"template":"highway","enabled":false}}},"categories":[6],"tags":[],"jetpack_publicize_connections":[],"jetpack_featured_media_url":"http:\/\/enteculturalsantafesino.com.ar\/usina5\/wp-content\/uploads\/2015\/07\/hacelo-corto.jpg","jetpack_sharing_enabled":true,"_links":{"self":[{"href":"http:\/\/enteculturalsantafesino.com.ar\/usina5\/wp-json\/wp\/v2\/posts\/1512"}],"collection":[{"href":"http:\/\/enteculturalsantafesino.com.ar\/usina5\/wp-json\/wp\/v2\/posts"}],"about":[{"href":"http:\/\/enteculturalsantafesino.com.ar\/usina5\/wp-json\/wp\/v2\/types\/post"}],"author":[{"embeddable":true,"href":"http:\/\/enteculturalsantafesino.com.ar\/usina5\/wp-json\/wp\/v2\/users\/3"}],"replies":[{"embeddable":true,"href":"http:\/\/enteculturalsantafesino.com.ar\/usina5\/wp-json\/wp\/v2\/comments?post=1512"}],"version-history":[{"count":0,"href":"http:\/\/enteculturalsantafesino.com.ar\/usina5\/wp-json\/wp\/v2\/posts\/1512\/revisions"}],"wp:featuredmedia":[{"embeddable":true,"href":"http:\/\/enteculturalsantafesino.com.ar\/usina5\/wp-json\/wp\/v2\/media\/1513"}],"wp:attachment":[{"href":"http:\/\/enteculturalsantafesino.com.ar\/usina5\/wp-json\/wp\/v2\/media?parent=1512"}],"wp:term":[{"taxonomy":"category","embeddable":true,"href":"http:\/\/enteculturalsantafesino.com.ar\/usina5\/wp-json\/wp\/v2\/categories?post=1512"},{"taxonomy":"post_tag","embeddable":true,"href":"http:\/\/enteculturalsantafesino.com.ar\/usina5\/wp-json\/wp\/v2\/tags?post=1512"}],"curies":[{"name":"wp","href":"https:\/\/api.w.org\/{rel}","templated":true}]}}