{"id":1555,"date":"2015-07-28T19:53:38","date_gmt":"2015-07-28T19:53:38","guid":{"rendered":"http:\/\/entecultura.com.ar\/usina5\/?p=1555"},"modified":"2015-07-28T19:54:17","modified_gmt":"2015-07-28T19:54:17","slug":"san-guillermo-se-llevo-a-cabo-la-presentacion-del-libro-esencia-de-mi-pueblo","status":"publish","type":"post","link":"http:\/\/enteculturalsantafesino.com.ar\/usina5\/2015\/07\/san-guillermo-se-llevo-a-cabo-la-presentacion-del-libro-esencia-de-mi-pueblo\/","title":{"rendered":"San Guillermo: Se llev\u00f3 a cabo la Presentaci\u00f3n del libro \u00abEsencia de mi Pueblo\u00bb"},"content":{"rendered":"\n\t\t<style type=\"text\/css\">\n\t\t\t#gallery-1 {\n\t\t\t\tmargin: auto;\n\t\t\t}\n\t\t\t#gallery-1 .gallery-item {\n\t\t\t\tfloat: left;\n\t\t\t\tmargin-top: 10px;\n\t\t\t\ttext-align: center;\n\t\t\t\twidth: 25%;\n\t\t\t}\n\t\t\t#gallery-1 img {\n\t\t\t\tborder: 2px solid #cfcfcf;\n\t\t\t}\n\t\t\t#gallery-1 .gallery-caption {\n\t\t\t\tmargin-left: 0;\n\t\t\t}\n\t\t\t\/* see gallery_shortcode() in wp-includes\/media.php *\/\n\t\t<\/style>\n\t\t<div id='gallery-1' class='gallery galleryid-1555 gallery-columns-4 gallery-size-thumbnail'><dl class='gallery-item'>\n\t\t\t<dt class='gallery-icon landscape'>\n\t\t\t\t<a href='http:\/\/enteculturalsantafesino.com.ar\/usina5\/2015\/07\/san-guillermo-se-llevo-a-cabo-la-presentacion-del-libro-esencia-de-mi-pueblo\/11816820_897110847022454_6435293755439760168_n\/'><img loading=\"lazy\" decoding=\"async\" width=\"150\" height=\"150\" src=\"http:\/\/enteculturalsantafesino.com.ar\/usina5\/wp-content\/uploads\/2015\/07\/11816820_897110847022454_6435293755439760168_n-150x150.jpg\" class=\"attachment-thumbnail size-thumbnail\" alt=\"\" srcset=\"http:\/\/enteculturalsantafesino.com.ar\/usina5\/wp-content\/uploads\/2015\/07\/11816820_897110847022454_6435293755439760168_n-150x150.jpg 150w, http:\/\/enteculturalsantafesino.com.ar\/usina5\/wp-content\/uploads\/2015\/07\/11816820_897110847022454_6435293755439760168_n-53x53.jpg 53w\" sizes=\"(max-width: 150px) 100vw, 150px\" \/><\/a>\n\t\t\t<\/dt><\/dl><dl class='gallery-item'>\n\t\t\t<dt class='gallery-icon landscape'>\n\t\t\t\t<a href='http:\/\/enteculturalsantafesino.com.ar\/usina5\/2015\/07\/san-guillermo-se-llevo-a-cabo-la-presentacion-del-libro-esencia-de-mi-pueblo\/11811548_897110740355798_6079244936844590014_n\/'><img loading=\"lazy\" decoding=\"async\" width=\"150\" height=\"150\" src=\"http:\/\/enteculturalsantafesino.com.ar\/usina5\/wp-content\/uploads\/2015\/07\/11811548_897110740355798_6079244936844590014_n-150x150.jpg\" class=\"attachment-thumbnail size-thumbnail\" alt=\"\" srcset=\"http:\/\/enteculturalsantafesino.com.ar\/usina5\/wp-content\/uploads\/2015\/07\/11811548_897110740355798_6079244936844590014_n-150x150.jpg 150w, http:\/\/enteculturalsantafesino.com.ar\/usina5\/wp-content\/uploads\/2015\/07\/11811548_897110740355798_6079244936844590014_n-53x53.jpg 53w\" sizes=\"(max-width: 150px) 100vw, 150px\" \/><\/a>\n\t\t\t<\/dt><\/dl><dl class='gallery-item'>\n\t\t\t<dt class='gallery-icon landscape'>\n\t\t\t\t<a href='http:\/\/enteculturalsantafesino.com.ar\/usina5\/2015\/07\/san-guillermo-se-llevo-a-cabo-la-presentacion-del-libro-esencia-de-mi-pueblo\/11745749_897110670355805_7712103813837189013_n\/'><img loading=\"lazy\" decoding=\"async\" width=\"150\" height=\"150\" src=\"http:\/\/enteculturalsantafesino.com.ar\/usina5\/wp-content\/uploads\/2015\/07\/11745749_897110670355805_7712103813837189013_n-150x150.jpg\" class=\"attachment-thumbnail size-thumbnail\" alt=\"\" srcset=\"http:\/\/enteculturalsantafesino.com.ar\/usina5\/wp-content\/uploads\/2015\/07\/11745749_897110670355805_7712103813837189013_n-150x150.jpg 150w, http:\/\/enteculturalsantafesino.com.ar\/usina5\/wp-content\/uploads\/2015\/07\/11745749_897110670355805_7712103813837189013_n-53x53.jpg 53w\" sizes=\"(max-width: 150px) 100vw, 150px\" \/><\/a>\n\t\t\t<\/dt><\/dl><dl class='gallery-item'>\n\t\t\t<dt class='gallery-icon landscape'>\n\t\t\t\t<a href='http:\/\/enteculturalsantafesino.com.ar\/usina5\/2015\/07\/san-guillermo-se-llevo-a-cabo-la-presentacion-del-libro-esencia-de-mi-pueblo\/11811460_897110727022466_8489735067265926652_n\/'><img loading=\"lazy\" decoding=\"async\" width=\"150\" height=\"150\" src=\"http:\/\/enteculturalsantafesino.com.ar\/usina5\/wp-content\/uploads\/2015\/07\/11811460_897110727022466_8489735067265926652_n-150x150.jpg\" class=\"attachment-thumbnail size-thumbnail\" alt=\"\" srcset=\"http:\/\/enteculturalsantafesino.com.ar\/usina5\/wp-content\/uploads\/2015\/07\/11811460_897110727022466_8489735067265926652_n-150x150.jpg 150w, http:\/\/enteculturalsantafesino.com.ar\/usina5\/wp-content\/uploads\/2015\/07\/11811460_897110727022466_8489735067265926652_n-53x53.jpg 53w\" sizes=\"(max-width: 150px) 100vw, 150px\" \/><\/a>\n\t\t\t<\/dt><\/dl><br style=\"clear: both\" \/>\n\t\t<\/div>\n\n<p>Anoche las <strong>Comunas de San Guillermo, Suardi y Monte Oscuridad<\/strong> junto al <strong>Ente Cultural Santafesino<\/strong>, presentaron el libro<strong> \u201cEsencia de mi Pueblo\u201d &#8211; Historia Ente Cultural Santafesino.<\/strong><\/p>\n<p>El evento cont\u00f3 con la presencia de la legisladora nacional <em>Claudia Giaccone, el Presidente del Ente Cultural Santafesino Lic. Leonardo Carrozza, el autor del libro Prof. Daniel Perazzo, el Presidente Comunal anfitri\u00f3n Daniel Martina, el Presidente Comunal de Monte Oscuridad Daniel Racca, los Secretarios de Cultura de Ceres, Suardi, Arrufo, Las Palmeras, Ramona y el Presidente Comunal electo de Villa Trinidad-<\/em><\/p>\n<p>Bajo el auspicio del <strong>Ministerio de Cultura de la Naci\u00f3n y de la Diputada Nacional Claudia Giaccone<\/strong>, dicho trabajo literario pertenece al <strong>Prof. Daniel Perazzo<\/strong> el cual promueve y difunde los inicios, vivencias y e<span class=\"text_exposed_show\">xperiencias territoriales del Ente Cultural Santafesino, creado en junio de 2009.<\/span><\/p>\n<div class=\"text_exposed_show\">\n<p>Dicho material fue entregado a las distintas instituciones educativas y culturales de la localidades que conforman a la<strong>\u00a0Usina Cultural V:<\/strong>\u00a0<em>Suardi, Ceres, San Guillermo, Arrufo, Monte Oscuridad, Las Palmeras, y Ambrosetti;<\/em> continuando con la gira provincial por los distintos pueblos y ciudades de Santa Fe.<\/p>\n<p>El Ente Cultural posibilita la interacci\u00f3n activa de los distintos organismos culturales de cada comunidad participante, logrando acuerdos y pol\u00edticas que reflejen una mayor y mejor jerarquizaci\u00f3n en las gestiones culturales.<\/p>\n<p>Establecer una herramienta de comunicaci\u00f3n que permita la relaci\u00f3n y vinculaci\u00f3n, proyectando actividades entre los organismos de cultura interesados en sumarse a dicho.<\/p>\n<p>\u201cLa cultura es un medio de vida, que debe enriquecerse todos los d\u00edas a trav\u00e9s de nuestro propio intelecto, con el constante aporte de creatividad que surge de cada ser humano, que piensa y elige crecer, con ideas personales, luchando por un ma\u00f1ana mejor, apostando a un futuro incierto o no, donde prime ante todo el deseo de superaci\u00f3n, el crecimiento individual y grupal, la firme convicci\u00f3n, la construcci\u00f3n de ideas, la sana sabidur\u00eda. \u201c<\/p>\n<\/div>\n","protected":false},"excerpt":{"rendered":"<p>Anoche las Comunas de San Guillermo, Suardi y Monte Oscuridad junto al Ente Cultural Santafesino, presentaron el [&hellip;]<\/p>\n","protected":false},"author":3,"featured_media":1556,"comment_status":"open","ping_status":"open","sticky":false,"template":"","format":"standard","meta":{"_jetpack_memberships_contains_paid_content":false,"footnotes":"","jetpack_publicize_message":"","jetpack_publicize_feature_enabled":true,"jetpack_social_post_already_shared":true,"jetpack_social_options":{"image_generator_settings":{"template":"highway","enabled":false}}},"categories":[6,10],"tags":[],"jetpack_publicize_connections":[],"jetpack_featured_media_url":"http:\/\/enteculturalsantafesino.com.ar\/usina5\/wp-content\/uploads\/2015\/07\/11822374_897110460355826_1376874581762411445_n.jpg","jetpack_sharing_enabled":true,"_links":{"self":[{"href":"http:\/\/enteculturalsantafesino.com.ar\/usina5\/wp-json\/wp\/v2\/posts\/1555"}],"collection":[{"href":"http:\/\/enteculturalsantafesino.com.ar\/usina5\/wp-json\/wp\/v2\/posts"}],"about":[{"href":"http:\/\/enteculturalsantafesino.com.ar\/usina5\/wp-json\/wp\/v2\/types\/post"}],"author":[{"embeddable":true,"href":"http:\/\/enteculturalsantafesino.com.ar\/usina5\/wp-json\/wp\/v2\/users\/3"}],"replies":[{"embeddable":true,"href":"http:\/\/enteculturalsantafesino.com.ar\/usina5\/wp-json\/wp\/v2\/comments?post=1555"}],"version-history":[{"count":0,"href":"http:\/\/enteculturalsantafesino.com.ar\/usina5\/wp-json\/wp\/v2\/posts\/1555\/revisions"}],"wp:featuredmedia":[{"embeddable":true,"href":"http:\/\/enteculturalsantafesino.com.ar\/usina5\/wp-json\/wp\/v2\/media\/1556"}],"wp:attachment":[{"href":"http:\/\/enteculturalsantafesino.com.ar\/usina5\/wp-json\/wp\/v2\/media?parent=1555"}],"wp:term":[{"taxonomy":"category","embeddable":true,"href":"http:\/\/enteculturalsantafesino.com.ar\/usina5\/wp-json\/wp\/v2\/categories?post=1555"},{"taxonomy":"post_tag","embeddable":true,"href":"http:\/\/enteculturalsantafesino.com.ar\/usina5\/wp-json\/wp\/v2\/tags?post=1555"}],"curies":[{"name":"wp","href":"https:\/\/api.w.org\/{rel}","templated":true}]}}