{"id":1755,"date":"2015-09-06T23:00:09","date_gmt":"2015-09-06T23:00:09","guid":{"rendered":"http:\/\/entecultura.com.ar\/usina5\/?p=1755"},"modified":"2015-09-06T23:00:09","modified_gmt":"2015-09-06T23:00:09","slug":"el-quinto-faro-del-campo-ilumina-desde-san-guillermo","status":"publish","type":"post","link":"http:\/\/enteculturalsantafesino.com.ar\/usina5\/2015\/09\/el-quinto-faro-del-campo-ilumina-desde-san-guillermo\/","title":{"rendered":"El quinto \u00abFaro del Campo\u00bb ilumina desde San Guillermo"},"content":{"rendered":"\n\t\t<style type=\"text\/css\">\n\t\t\t#gallery-1 {\n\t\t\t\tmargin: auto;\n\t\t\t}\n\t\t\t#gallery-1 .gallery-item {\n\t\t\t\tfloat: left;\n\t\t\t\tmargin-top: 10px;\n\t\t\t\ttext-align: center;\n\t\t\t\twidth: 25%;\n\t\t\t}\n\t\t\t#gallery-1 img {\n\t\t\t\tborder: 2px solid #cfcfcf;\n\t\t\t}\n\t\t\t#gallery-1 .gallery-caption {\n\t\t\t\tmargin-left: 0;\n\t\t\t}\n\t\t\t\/* see gallery_shortcode() in wp-includes\/media.php *\/\n\t\t<\/style>\n\t\t<div id='gallery-1' class='gallery galleryid-1755 gallery-columns-4 gallery-size-thumbnail'><dl class='gallery-item'>\n\t\t\t<dt class='gallery-icon landscape'>\n\t\t\t\t<a href='http:\/\/enteculturalsantafesino.com.ar\/usina5\/2015\/09\/el-quinto-faro-del-campo-ilumina-desde-san-guillermo\/unnamed-5-2\/'><img loading=\"lazy\" decoding=\"async\" width=\"150\" height=\"150\" src=\"http:\/\/enteculturalsantafesino.com.ar\/usina5\/wp-content\/uploads\/2015\/09\/unnamed-5-150x150.jpg\" class=\"attachment-thumbnail size-thumbnail\" alt=\"\" srcset=\"http:\/\/enteculturalsantafesino.com.ar\/usina5\/wp-content\/uploads\/2015\/09\/unnamed-5-150x150.jpg 150w, http:\/\/enteculturalsantafesino.com.ar\/usina5\/wp-content\/uploads\/2015\/09\/unnamed-5-53x53.jpg 53w\" sizes=\"(max-width: 150px) 100vw, 150px\" \/><\/a>\n\t\t\t<\/dt><\/dl><dl class='gallery-item'>\n\t\t\t<dt class='gallery-icon landscape'>\n\t\t\t\t<a href='http:\/\/enteculturalsantafesino.com.ar\/usina5\/2015\/09\/el-quinto-faro-del-campo-ilumina-desde-san-guillermo\/unnamed-7-3\/'><img loading=\"lazy\" decoding=\"async\" width=\"150\" height=\"150\" src=\"http:\/\/enteculturalsantafesino.com.ar\/usina5\/wp-content\/uploads\/2015\/09\/unnamed-7-150x150.jpg\" class=\"attachment-thumbnail size-thumbnail\" alt=\"\" srcset=\"http:\/\/enteculturalsantafesino.com.ar\/usina5\/wp-content\/uploads\/2015\/09\/unnamed-7-150x150.jpg 150w, http:\/\/enteculturalsantafesino.com.ar\/usina5\/wp-content\/uploads\/2015\/09\/unnamed-7-53x53.jpg 53w\" sizes=\"(max-width: 150px) 100vw, 150px\" \/><\/a>\n\t\t\t<\/dt><\/dl><dl class='gallery-item'>\n\t\t\t<dt class='gallery-icon landscape'>\n\t\t\t\t<a href='http:\/\/enteculturalsantafesino.com.ar\/usina5\/2015\/09\/el-quinto-faro-del-campo-ilumina-desde-san-guillermo\/unnamed-9-2\/'><img loading=\"lazy\" decoding=\"async\" width=\"150\" height=\"150\" src=\"http:\/\/enteculturalsantafesino.com.ar\/usina5\/wp-content\/uploads\/2015\/09\/unnamed-9-150x150.jpg\" class=\"attachment-thumbnail size-thumbnail\" alt=\"\" srcset=\"http:\/\/enteculturalsantafesino.com.ar\/usina5\/wp-content\/uploads\/2015\/09\/unnamed-9-150x150.jpg 150w, http:\/\/enteculturalsantafesino.com.ar\/usina5\/wp-content\/uploads\/2015\/09\/unnamed-9-53x53.jpg 53w\" sizes=\"(max-width: 150px) 100vw, 150px\" \/><\/a>\n\t\t\t<\/dt><\/dl><dl class='gallery-item'>\n\t\t\t<dt class='gallery-icon landscape'>\n\t\t\t\t<a href='http:\/\/enteculturalsantafesino.com.ar\/usina5\/2015\/09\/el-quinto-faro-del-campo-ilumina-desde-san-guillermo\/unnamed-13\/'><img loading=\"lazy\" decoding=\"async\" width=\"150\" height=\"150\" src=\"http:\/\/enteculturalsantafesino.com.ar\/usina5\/wp-content\/uploads\/2015\/09\/unnamed-13-150x150.jpg\" class=\"attachment-thumbnail size-thumbnail\" alt=\"\" srcset=\"http:\/\/enteculturalsantafesino.com.ar\/usina5\/wp-content\/uploads\/2015\/09\/unnamed-13-150x150.jpg 150w, http:\/\/enteculturalsantafesino.com.ar\/usina5\/wp-content\/uploads\/2015\/09\/unnamed-13-53x53.jpg 53w\" sizes=\"(max-width: 150px) 100vw, 150px\" \/><\/a>\n\t\t\t<\/dt><\/dl><br style=\"clear: both\" \/><dl class='gallery-item'>\n\t\t\t<dt class='gallery-icon landscape'>\n\t\t\t\t<a href='http:\/\/enteculturalsantafesino.com.ar\/usina5\/2015\/09\/el-quinto-faro-del-campo-ilumina-desde-san-guillermo\/unnamed-14\/'><img loading=\"lazy\" decoding=\"async\" width=\"150\" height=\"150\" src=\"http:\/\/enteculturalsantafesino.com.ar\/usina5\/wp-content\/uploads\/2015\/09\/unnamed-14-150x150.jpg\" class=\"attachment-thumbnail size-thumbnail\" alt=\"\" srcset=\"http:\/\/enteculturalsantafesino.com.ar\/usina5\/wp-content\/uploads\/2015\/09\/unnamed-14-150x150.jpg 150w, http:\/\/enteculturalsantafesino.com.ar\/usina5\/wp-content\/uploads\/2015\/09\/unnamed-14-53x53.jpg 53w\" sizes=\"(max-width: 150px) 100vw, 150px\" \/><\/a>\n\t\t\t<\/dt><\/dl><dl class='gallery-item'>\n\t\t\t<dt class='gallery-icon landscape'>\n\t\t\t\t<a href='http:\/\/enteculturalsantafesino.com.ar\/usina5\/2015\/09\/el-quinto-faro-del-campo-ilumina-desde-san-guillermo\/unnamed-19-2\/'><img loading=\"lazy\" decoding=\"async\" width=\"150\" height=\"150\" src=\"http:\/\/enteculturalsantafesino.com.ar\/usina5\/wp-content\/uploads\/2015\/09\/unnamed-19-150x150.jpg\" class=\"attachment-thumbnail size-thumbnail\" alt=\"\" srcset=\"http:\/\/enteculturalsantafesino.com.ar\/usina5\/wp-content\/uploads\/2015\/09\/unnamed-19-150x150.jpg 150w, http:\/\/enteculturalsantafesino.com.ar\/usina5\/wp-content\/uploads\/2015\/09\/unnamed-19-53x53.jpg 53w\" sizes=\"(max-width: 150px) 100vw, 150px\" \/><\/a>\n\t\t\t<\/dt><\/dl><dl class='gallery-item'>\n\t\t\t<dt class='gallery-icon landscape'>\n\t\t\t\t<a href='http:\/\/enteculturalsantafesino.com.ar\/usina5\/2015\/09\/el-quinto-faro-del-campo-ilumina-desde-san-guillermo\/unnamed-24\/'><img loading=\"lazy\" decoding=\"async\" width=\"150\" height=\"150\" src=\"http:\/\/enteculturalsantafesino.com.ar\/usina5\/wp-content\/uploads\/2015\/09\/unnamed-24-150x150.jpg\" class=\"attachment-thumbnail size-thumbnail\" alt=\"\" srcset=\"http:\/\/enteculturalsantafesino.com.ar\/usina5\/wp-content\/uploads\/2015\/09\/unnamed-24-150x150.jpg 150w, http:\/\/enteculturalsantafesino.com.ar\/usina5\/wp-content\/uploads\/2015\/09\/unnamed-24-53x53.jpg 53w\" sizes=\"(max-width: 150px) 100vw, 150px\" \/><\/a>\n\t\t\t<\/dt><\/dl><dl class='gallery-item'>\n\t\t\t<dt class='gallery-icon landscape'>\n\t\t\t\t<a href='http:\/\/enteculturalsantafesino.com.ar\/usina5\/2015\/09\/el-quinto-faro-del-campo-ilumina-desde-san-guillermo\/unnamed-20-2\/'><img loading=\"lazy\" decoding=\"async\" width=\"150\" height=\"150\" src=\"http:\/\/enteculturalsantafesino.com.ar\/usina5\/wp-content\/uploads\/2015\/09\/unnamed-20-150x150.jpg\" class=\"attachment-thumbnail size-thumbnail\" alt=\"\" srcset=\"http:\/\/enteculturalsantafesino.com.ar\/usina5\/wp-content\/uploads\/2015\/09\/unnamed-20-150x150.jpg 150w, http:\/\/enteculturalsantafesino.com.ar\/usina5\/wp-content\/uploads\/2015\/09\/unnamed-20-53x53.jpg 53w\" sizes=\"(max-width: 150px) 100vw, 150px\" \/><\/a>\n\t\t\t<\/dt><\/dl><br style=\"clear: both\" \/>\n\t\t<\/div>\n\n<p>Ubicada en el centro-oeste de la Provincia de Santa Fe, en el Departamento San Crist\u00f3bal, cercano a los l\u00edmites tripartitos de las provincias de Santa Fe, C\u00f3rdoba y Santiago del Estero,\u00a0todos los vecinos de la comunidad sanguillermina,\u00a0se preparaban para elaborar con manos cooperativas, creativas y solidarias el quinto\u00a0<em>\u201cFaro del Campo\u201d<\/em><\/p>\n<p>El <strong>Domingo 6\u00a0<\/strong>en <strong>San Guillermo<\/strong>, un \u00a0nuevo\u00a0<strong>\u201cFaro del Campo\u201d<\/strong> comenzaba a dar a luz desde el latido comunitario y creativo, gestado desde la comarca que conforma a la <strong>Usina Cultural V.<\/strong><\/p>\n<div>En el <strong>Parque Comunal Alfonsina Storni<\/strong> inaugurado en marzo del 1979 a la vera de\u00a0la <strong>ruta N\u00ba 23,<\/strong> la m\u00edstica y el paisaje\u00a0pueblerino\u00a0se entremezclaron con los encantos de la naturaleza y la pureza del aire libre.<\/div>\n<div><\/div>\n<p><strong>Nicolas Stancich<\/strong> de <strong>Mar\u00eda Teresa<\/strong> \u00a0(Depto General L\u00f3pez) fue el responsable de coordinar el Proyecto inspirado por la\u00a0<strong>Prof Guillermina Milocco<\/strong> (Sastre), el cual posee la finalidad de iluminar\u00a0los caminos culturales que se unen a trav\u00e9s del\u00a0<strong>Ente Cultural Santafesino.<\/strong><\/p>\n<p><strong>\u201cFaros del Campo\u201d<\/strong>\u00a0gest\u00f3\u00a0su quinta\u00a0gu\u00eda cultural la cual\u00a0quedar\u00e1 perpetuada, all\u00e1 en la tierra fundada por <em>\u00c1ngela de la Casa Lehmann<\/em>\u00a0\u00a0en donde las manos del hombre sanguillermino, seguir\u00e1n abriendo los surcos en la tierra, dando gracias a Dios por los frutos que de ella obtuvo.<\/p>\n<p><strong>Pr\u00f3ximos Faros de Campo:<\/strong><\/p>\n<p>Usina III: Carreras: A confirmar<\/p>\n<p>Usina VII: Romang \u2013 12 de septiembre<\/p>\n","protected":false},"excerpt":{"rendered":"<p>Ubicada en el centro-oeste de la Provincia de Santa Fe, en el Departamento San Crist\u00f3bal, cercano a [&hellip;]<\/p>\n","protected":false},"author":3,"featured_media":1760,"comment_status":"open","ping_status":"open","sticky":false,"template":"","format":"standard","meta":{"_jetpack_memberships_contains_paid_content":false,"footnotes":"","jetpack_publicize_message":"","jetpack_publicize_feature_enabled":true,"jetpack_social_post_already_shared":true,"jetpack_social_options":{"image_generator_settings":{"template":"highway","enabled":false}}},"categories":[6,10],"tags":[],"jetpack_publicize_connections":[],"jetpack_featured_media_url":"http:\/\/enteculturalsantafesino.com.ar\/usina5\/wp-content\/uploads\/2015\/09\/unnamed-13.jpg","jetpack_sharing_enabled":true,"_links":{"self":[{"href":"http:\/\/enteculturalsantafesino.com.ar\/usina5\/wp-json\/wp\/v2\/posts\/1755"}],"collection":[{"href":"http:\/\/enteculturalsantafesino.com.ar\/usina5\/wp-json\/wp\/v2\/posts"}],"about":[{"href":"http:\/\/enteculturalsantafesino.com.ar\/usina5\/wp-json\/wp\/v2\/types\/post"}],"author":[{"embeddable":true,"href":"http:\/\/enteculturalsantafesino.com.ar\/usina5\/wp-json\/wp\/v2\/users\/3"}],"replies":[{"embeddable":true,"href":"http:\/\/enteculturalsantafesino.com.ar\/usina5\/wp-json\/wp\/v2\/comments?post=1755"}],"version-history":[{"count":0,"href":"http:\/\/enteculturalsantafesino.com.ar\/usina5\/wp-json\/wp\/v2\/posts\/1755\/revisions"}],"wp:featuredmedia":[{"embeddable":true,"href":"http:\/\/enteculturalsantafesino.com.ar\/usina5\/wp-json\/wp\/v2\/media\/1760"}],"wp:attachment":[{"href":"http:\/\/enteculturalsantafesino.com.ar\/usina5\/wp-json\/wp\/v2\/media?parent=1755"}],"wp:term":[{"taxonomy":"category","embeddable":true,"href":"http:\/\/enteculturalsantafesino.com.ar\/usina5\/wp-json\/wp\/v2\/categories?post=1755"},{"taxonomy":"post_tag","embeddable":true,"href":"http:\/\/enteculturalsantafesino.com.ar\/usina5\/wp-json\/wp\/v2\/tags?post=1755"}],"curies":[{"name":"wp","href":"https:\/\/api.w.org\/{rel}","templated":true}]}}