{"id":186,"date":"2014-04-28T12:41:52","date_gmt":"2014-04-28T12:41:52","guid":{"rendered":"http:\/\/entecultura.com.ar\/usina5\/?p=186"},"modified":"2014-04-28T12:41:52","modified_gmt":"2014-04-28T12:41:52","slug":"futbol-en-los-barrios%e2%80%8f","status":"publish","type":"post","link":"http:\/\/enteculturalsantafesino.com.ar\/usina5\/2014\/04\/futbol-en-los-barrios%e2%80%8f\/","title":{"rendered":"F\u00daTBOL EN LOS BARRIOS\u200f"},"content":{"rendered":"<div class=\"ContentRight WithRightRail FullView\" style=\"font-weight: normal; color: #000000;\" data-link=\"class{:~tag.contentRightClass(Layout.IsFullView, Layout.ReadingPaneMode)}\">\n<div class=\"ContentRightInner t_mbgc t_qtc t_urtc\">\n<div id=\"inboxControl0fv-ReadMessageContainer\" class=\"v-ReadMessageContainer slideOnResize\" tabindex=\"-1\">\n<div class=\"c-ReadMessage\" data-link=\"class{readMessageClass: ~tag.Show}\">\n<div class=\"rmMessages ClearBoth\">\n<div id=\"readMessagePartControl705f\" class=\"c-ReadMessagePart ReadMsgContainer HasLayout ClearBoth HideShadows FullPart NoHistory Read RmIc\" data-link=\"class{:~tag.getHeaderCssClass(IsConversationPart, IsRead, IsDraft, IsTrustedSender, Items.length)}\">\n<div class=\"c-ReadMessagePartBody\" data-link=\"class{getClass:IsBodyExpanded}\">\n<div class=\"readMsgBody\">\n<div id=\"bodyreadMessagePartBodyControl710f\" class=\"ExternalClass MsgBodyContainer\" data-link=\"class{:~tag.cssClasses(PlainText, IsContentFiltered)}\">\n<div dir=\"ltr\">\n<div>En horas de la ma\u00f1ana en representaci\u00f3n del Intendente Busquets, el Secretario de Gobierno y Cultura Sr. Ernesto Paul\u00f3n junto al Coordinador de Deportes Sr. Hector Vega, hicieron la presentaci\u00f3n oficial del primer encuentro de f\u00fatbol infantil de los barrios.<a href=\"http:\/\/enteculturalsantafesino.com.ar\/usina5\/wp-content\/uploads\/2014\/04\/FUTBOL-BARRIOS.jpg\" rel=\"lightbox[186]\"><img loading=\"lazy\" decoding=\"async\" class=\"alignright wp-image-187 size-medium\" src=\"http:\/\/enteculturalsantafesino.com.ar\/usina5\/wp-content\/uploads\/2014\/04\/FUTBOL-BARRIOS-300x199.jpg\" alt=\"FUTBOL BARRIOS\" width=\"300\" height=\"199\" srcset=\"http:\/\/enteculturalsantafesino.com.ar\/usina5\/wp-content\/uploads\/2014\/04\/FUTBOL-BARRIOS-300x199.jpg 300w, http:\/\/enteculturalsantafesino.com.ar\/usina5\/wp-content\/uploads\/2014\/04\/FUTBOL-BARRIOS.jpg 800w\" sizes=\"(max-width: 300px) 100vw, 300px\" \/><\/a><\/div>\n<div><\/div>\n<div>Este se realizara en el predio del Parque Leini el pr\u00f3ximo domingo 27 a partir de las 9:00 hs.<\/div>\n<div><\/div>\n<div>El Coordinador invita a \u00a0toda la poblaci\u00f3n a apoyar a los ni\u00f1os de distintos barrios que se juntan una vez al mes para estos torneos amistosos, donde se pasar\u00e1 una jornada futbol\u00edstica en familia<\/div>\n<\/div>\n<\/div>\n<\/div>\n<\/div>\n<\/div>\n<\/div>\n<\/div>\n<\/div>\n<\/div>\n<div class=\"v-InboxFooterContainer\">\n<div class=\"c-PageFooter Unselectable\"><\/div>\n<\/div>\n<\/div>\n","protected":false},"excerpt":{"rendered":"<p>En horas de la ma\u00f1ana en representaci\u00f3n del Intendente Busquets, el Secretario de Gobierno y Cultura Sr. [&hellip;]<\/p>\n","protected":false},"author":3,"featured_media":187,"comment_status":"open","ping_status":"open","sticky":false,"template":"","format":"standard","meta":{"_jetpack_memberships_contains_paid_content":false,"footnotes":"","jetpack_publicize_message":"","jetpack_publicize_feature_enabled":true,"jetpack_social_post_already_shared":false,"jetpack_social_options":{"image_generator_settings":{"template":"highway","enabled":false}}},"categories":[7],"tags":[],"jetpack_publicize_connections":[],"jetpack_featured_media_url":"http:\/\/enteculturalsantafesino.com.ar\/usina5\/wp-content\/uploads\/2014\/04\/FUTBOL-BARRIOS.jpg","jetpack_sharing_enabled":true,"_links":{"self":[{"href":"http:\/\/enteculturalsantafesino.com.ar\/usina5\/wp-json\/wp\/v2\/posts\/186"}],"collection":[{"href":"http:\/\/enteculturalsantafesino.com.ar\/usina5\/wp-json\/wp\/v2\/posts"}],"about":[{"href":"http:\/\/enteculturalsantafesino.com.ar\/usina5\/wp-json\/wp\/v2\/types\/post"}],"author":[{"embeddable":true,"href":"http:\/\/enteculturalsantafesino.com.ar\/usina5\/wp-json\/wp\/v2\/users\/3"}],"replies":[{"embeddable":true,"href":"http:\/\/enteculturalsantafesino.com.ar\/usina5\/wp-json\/wp\/v2\/comments?post=186"}],"version-history":[{"count":0,"href":"http:\/\/enteculturalsantafesino.com.ar\/usina5\/wp-json\/wp\/v2\/posts\/186\/revisions"}],"wp:featuredmedia":[{"embeddable":true,"href":"http:\/\/enteculturalsantafesino.com.ar\/usina5\/wp-json\/wp\/v2\/media\/187"}],"wp:attachment":[{"href":"http:\/\/enteculturalsantafesino.com.ar\/usina5\/wp-json\/wp\/v2\/media?parent=186"}],"wp:term":[{"taxonomy":"category","embeddable":true,"href":"http:\/\/enteculturalsantafesino.com.ar\/usina5\/wp-json\/wp\/v2\/categories?post=186"},{"taxonomy":"post_tag","embeddable":true,"href":"http:\/\/enteculturalsantafesino.com.ar\/usina5\/wp-json\/wp\/v2\/tags?post=186"}],"curies":[{"name":"wp","href":"https:\/\/api.w.org\/{rel}","templated":true}]}}