{"id":189,"date":"2014-04-29T23:01:56","date_gmt":"2014-04-29T23:01:56","guid":{"rendered":"http:\/\/entecultura.com.ar\/usina5\/?p=189"},"modified":"2014-04-29T23:01:56","modified_gmt":"2014-04-29T23:01:56","slug":"ciclos-de-cine-el-cic","status":"publish","type":"post","link":"http:\/\/enteculturalsantafesino.com.ar\/usina5\/2014\/04\/ciclos-de-cine-el-cic\/","title":{"rendered":"CICLOS DE CINE EL CIC"},"content":{"rendered":"<p>Culminando el domingo 27 de abril del 2014, el CIC realiz\u00f3 una nueva edici\u00f3n de los ciclos de cine Nacional, presentando el film \u201cUN CUENTO CHINO\u201d, una multitudinaria concurrencia se hizo presente en el SUM de la instituci\u00f3n, que fue\u00a0\u00a0ambientado para utilizarlo como sala de cine.<a href=\"http:\/\/enteculturalsantafesino.com.ar\/usina5\/wp-content\/uploads\/2014\/04\/cerews.jpg\" rel=\"lightbox[189]\"><img loading=\"lazy\" decoding=\"async\" class=\"alignright wp-image-190 size-medium\" src=\"http:\/\/enteculturalsantafesino.com.ar\/usina5\/wp-content\/uploads\/2014\/04\/cerews-300x225.jpg\" alt=\"cerews\" width=\"300\" height=\"225\" srcset=\"http:\/\/enteculturalsantafesino.com.ar\/usina5\/wp-content\/uploads\/2014\/04\/cerews-300x225.jpg 300w, http:\/\/enteculturalsantafesino.com.ar\/usina5\/wp-content\/uploads\/2014\/04\/cerews.jpg 960w\" sizes=\"(max-width: 300px) 100vw, 300px\" \/><\/a><\/p>\n<p>Esta iniciativa de realizar ciclos de cine Nacional, se tom\u00f3 a partir de la necesidad de tener un cine de entrada gratuita, destinado a adultos mayores, hoy en d\u00eda tras haber presentado ya varias ediciones del mismo, no solamente concurren adultos mayores sino se ha extendido a un p\u00fablico de diversas edades, que desean ver una pel\u00edcula de calidad Nacional sin la necesidad de viajar a otras localidades.<\/p>\n<p>El Coordinador de \u00c1reas Especiales y Director del Establecimiento Sr. H\u00e9ctor S\u00e1nchez, nos comenta que los ciclos de Cine, en sus comienzos se realizaba en una de las aulas pertenecientes al CIC, pero la alta concurrencia hicieron que se traslade todo el equipamiento al SUM, para mayor comodidad de los espectadores. \u201cEn esta semana nos estaremos reuniendo con mi equipo de trabajo, para debatir cual ser\u00e1 el pr\u00f3ximo film que presentaremos en la futura edici\u00f3n de los Ciclos de Cine\u201d.<\/p>\n","protected":false},"excerpt":{"rendered":"<p>Culminando el domingo 27 de abril del 2014, el CIC realiz\u00f3 una nueva edici\u00f3n de los ciclos [&hellip;]<\/p>\n","protected":false},"author":3,"featured_media":190,"comment_status":"open","ping_status":"open","sticky":false,"template":"","format":"standard","meta":{"_jetpack_memberships_contains_paid_content":false,"footnotes":"","jetpack_publicize_message":"","jetpack_publicize_feature_enabled":true,"jetpack_social_post_already_shared":false,"jetpack_social_options":{"image_generator_settings":{"template":"highway","enabled":false}}},"categories":[7],"tags":[],"jetpack_publicize_connections":[],"jetpack_featured_media_url":"http:\/\/enteculturalsantafesino.com.ar\/usina5\/wp-content\/uploads\/2014\/04\/cerews.jpg","jetpack_sharing_enabled":true,"_links":{"self":[{"href":"http:\/\/enteculturalsantafesino.com.ar\/usina5\/wp-json\/wp\/v2\/posts\/189"}],"collection":[{"href":"http:\/\/enteculturalsantafesino.com.ar\/usina5\/wp-json\/wp\/v2\/posts"}],"about":[{"href":"http:\/\/enteculturalsantafesino.com.ar\/usina5\/wp-json\/wp\/v2\/types\/post"}],"author":[{"embeddable":true,"href":"http:\/\/enteculturalsantafesino.com.ar\/usina5\/wp-json\/wp\/v2\/users\/3"}],"replies":[{"embeddable":true,"href":"http:\/\/enteculturalsantafesino.com.ar\/usina5\/wp-json\/wp\/v2\/comments?post=189"}],"version-history":[{"count":0,"href":"http:\/\/enteculturalsantafesino.com.ar\/usina5\/wp-json\/wp\/v2\/posts\/189\/revisions"}],"wp:featuredmedia":[{"embeddable":true,"href":"http:\/\/enteculturalsantafesino.com.ar\/usina5\/wp-json\/wp\/v2\/media\/190"}],"wp:attachment":[{"href":"http:\/\/enteculturalsantafesino.com.ar\/usina5\/wp-json\/wp\/v2\/media?parent=189"}],"wp:term":[{"taxonomy":"category","embeddable":true,"href":"http:\/\/enteculturalsantafesino.com.ar\/usina5\/wp-json\/wp\/v2\/categories?post=189"},{"taxonomy":"post_tag","embeddable":true,"href":"http:\/\/enteculturalsantafesino.com.ar\/usina5\/wp-json\/wp\/v2\/tags?post=189"}],"curies":[{"name":"wp","href":"https:\/\/api.w.org\/{rel}","templated":true}]}}