{"id":2180,"date":"2016-01-25T17:58:42","date_gmt":"2016-01-25T17:58:42","guid":{"rendered":"http:\/\/entecultura.com.ar\/usina5\/?p=2180"},"modified":"2016-01-25T17:58:42","modified_gmt":"2016-01-25T17:58:42","slug":"suardi-palpita-los-carnavales-2016","status":"publish","type":"post","link":"http:\/\/enteculturalsantafesino.com.ar\/usina5\/2016\/01\/suardi-palpita-los-carnavales-2016\/","title":{"rendered":"Suardi palpita los \u00abCarnavales 2016\u00bb"},"content":{"rendered":"<p>En el marco de este importante festejo popular, organizado por la Comuna de Suardi, la reconocida Comparsa local ya ultima los preparativos.<\/p>\n<p>Desde hace ya un tiempo, los integrantes j\u00f3venes y adultos de \u2018\u2019Samay Yasi\u2019\u2019, dedican dos noches a la semana a ensayar las coreograf\u00edas para los pr\u00f3ximos carnavales.<\/p>\n<div>\n<p>La coordinaci\u00f3n est\u00e1 a cargo de Mar\u00eda Eugenia Milanesio; en tanto que las responsables de puesta en escena y coreograf\u00eda son las Profesoras Maricel Marengo, Carolina Buraschi y Jaquelina Martino. En cuanto al vestuario, Mar\u00eda Eugenia Milanesio est\u00e1 encargada del dise\u00f1o y Elda Bertero de la costura.<\/p>\n<p>Samay Yas\u00ed Menores tendr\u00e1 130 integrantes, los m\u00e1s chiquititos expondr\u00e1n el festejo m\u00e1s significativo de la infancia, los cumplea\u00f1os. Por otro lado, Samay Yas\u00ed Mayores contar\u00e1 con 160 componentes, entre los cuales se distribuyeron ocho escuadras que exhibir\u00e1n los festejos de: Casamiento, Navidad, Primavera, Festejos Patrios, Amor y Carnaval. Asimismo Samay y su equipo de carroceros lucir\u00e1n una imponente carroza, dise\u00f1ada por un equipo de trabajo local.<\/p>\n<p>Las fechas destinadas para el gran acontecimiento son: viernes 29\/01, s\u00e1bado 30\/01 y s\u00e1bado 06\/02.<\/p>\n<p>Como primer espect\u00e1culo se presentar\u00e1 \u2018\u2019La Barra\u2019\u2019 el d\u00eda 29. El s\u00e1bado 30 se podr\u00e1 disfrutar del show de \u00abLos S\u00faper Fant\u00e1sticos\u2019\u2019 y, por \u00faltimo, el s\u00e1bado 06 habr\u00e1 doble funci\u00f3n, \u2018\u2019La Ray Band Cumbia\u2019\u2019 y la banda local \u2018\u2019La Gosadera\u2019\u2019 ser\u00e1n los encargados de cerrar las presentaciones. Adem\u00e1s, como cada a\u00f1o, se concretar\u00e1 la elecci\u00f3n de la nueva soberana.<\/p>\n<p>LUGAR: Bv. San Mart\u00edn (entre calles 9 de Julio y Roque S\u00e1enz Pe\u00f1a)<\/p>\n<p>PRECIO DE LAS ENTRADAS: $100 Primer Noche (29\/01) &#8211; $70 Segunda y tercer Noche (30\/01 \u2013 06\/02). Ni\u00f1os en edad escolar primaria gratis.<\/p>\n<p>Cabe destacar que, como todos los a\u00f1os, la totalidad de los fondos recaudados ser\u00e1n destinados al Hospital Nivel III de Suardi.<\/p>\n<\/div>\n","protected":false},"excerpt":{"rendered":"<p>En el marco de este importante festejo popular, organizado por la Comuna de Suardi, la reconocida Comparsa [&hellip;]<\/p>\n","protected":false},"author":3,"featured_media":2181,"comment_status":"open","ping_status":"open","sticky":false,"template":"","format":"standard","meta":{"_jetpack_memberships_contains_paid_content":false,"footnotes":"","jetpack_publicize_message":"","jetpack_publicize_feature_enabled":true,"jetpack_social_post_already_shared":true,"jetpack_social_options":{"image_generator_settings":{"template":"highway","enabled":false}}},"categories":[2],"tags":[],"jetpack_publicize_connections":[],"jetpack_featured_media_url":"http:\/\/enteculturalsantafesino.com.ar\/usina5\/wp-content\/uploads\/2016\/01\/fb2a4ac1-c59b-4958-84d3-ab85aaebd80f.jpg","jetpack_sharing_enabled":true,"_links":{"self":[{"href":"http:\/\/enteculturalsantafesino.com.ar\/usina5\/wp-json\/wp\/v2\/posts\/2180"}],"collection":[{"href":"http:\/\/enteculturalsantafesino.com.ar\/usina5\/wp-json\/wp\/v2\/posts"}],"about":[{"href":"http:\/\/enteculturalsantafesino.com.ar\/usina5\/wp-json\/wp\/v2\/types\/post"}],"author":[{"embeddable":true,"href":"http:\/\/enteculturalsantafesino.com.ar\/usina5\/wp-json\/wp\/v2\/users\/3"}],"replies":[{"embeddable":true,"href":"http:\/\/enteculturalsantafesino.com.ar\/usina5\/wp-json\/wp\/v2\/comments?post=2180"}],"version-history":[{"count":0,"href":"http:\/\/enteculturalsantafesino.com.ar\/usina5\/wp-json\/wp\/v2\/posts\/2180\/revisions"}],"wp:featuredmedia":[{"embeddable":true,"href":"http:\/\/enteculturalsantafesino.com.ar\/usina5\/wp-json\/wp\/v2\/media\/2181"}],"wp:attachment":[{"href":"http:\/\/enteculturalsantafesino.com.ar\/usina5\/wp-json\/wp\/v2\/media?parent=2180"}],"wp:term":[{"taxonomy":"category","embeddable":true,"href":"http:\/\/enteculturalsantafesino.com.ar\/usina5\/wp-json\/wp\/v2\/categories?post=2180"},{"taxonomy":"post_tag","embeddable":true,"href":"http:\/\/enteculturalsantafesino.com.ar\/usina5\/wp-json\/wp\/v2\/tags?post=2180"}],"curies":[{"name":"wp","href":"https:\/\/api.w.org\/{rel}","templated":true}]}}