{"id":2211,"date":"2016-02-08T19:28:27","date_gmt":"2016-02-08T19:28:27","guid":{"rendered":"http:\/\/entecultura.com.ar\/usina5\/?p=2211"},"modified":"2016-02-08T19:28:27","modified_gmt":"2016-02-08T19:28:27","slug":"san-guillermo-ultima-noche-de-carnavales-de-brillo-y-color","status":"publish","type":"post","link":"http:\/\/enteculturalsantafesino.com.ar\/usina5\/2016\/02\/san-guillermo-ultima-noche-de-carnavales-de-brillo-y-color\/","title":{"rendered":"San Guillermo: \u00daltima noche de Carnavales de brillo y color"},"content":{"rendered":"<p>Se cerraron las <strong>Carnavaler\u00edas 2016<\/strong> en <strong>San Guillermo<\/strong> a puro brillo y color y ante un excelente marco de p\u00fablico que colm\u00f3 la Av. San Mart\u00edn de la localidad.<\/p>\n<p><strong>Carumb\u00e9<\/strong> \u00a0y <strong>Scola do Samba<\/strong> del CUCyD fascinaron a los asistentes durante tres hermosas noches y con un gran trabajo en trajes y coreograf\u00edas.<\/p>\n<p>Se realizaron menciones especiales destacando la labor realizada y la elecci\u00f3n de la nueva reina, recayendo sobre Antonela Gili, 1\u00b0 Princesa Yanina Fern\u00e1ndez y 2\u00b0 Princesa Fernanda Romano.<\/p>\n","protected":false},"excerpt":{"rendered":"<p>Se cerraron las Carnavaler\u00edas 2016 en San Guillermo a puro brillo y color y ante un excelente [&hellip;]<\/p>\n","protected":false},"author":3,"featured_media":2212,"comment_status":"open","ping_status":"open","sticky":false,"template":"","format":"standard","meta":{"_jetpack_memberships_contains_paid_content":false,"footnotes":"","jetpack_publicize_message":"","jetpack_publicize_feature_enabled":true,"jetpack_social_post_already_shared":true,"jetpack_social_options":{"image_generator_settings":{"template":"highway","enabled":false}}},"categories":[10],"tags":[],"jetpack_publicize_connections":[],"jetpack_featured_media_url":"http:\/\/enteculturalsantafesino.com.ar\/usina5\/wp-content\/uploads\/2016\/02\/12670590_910035532438408_4965320793365629033_n.jpg","jetpack_sharing_enabled":true,"_links":{"self":[{"href":"http:\/\/enteculturalsantafesino.com.ar\/usina5\/wp-json\/wp\/v2\/posts\/2211"}],"collection":[{"href":"http:\/\/enteculturalsantafesino.com.ar\/usina5\/wp-json\/wp\/v2\/posts"}],"about":[{"href":"http:\/\/enteculturalsantafesino.com.ar\/usina5\/wp-json\/wp\/v2\/types\/post"}],"author":[{"embeddable":true,"href":"http:\/\/enteculturalsantafesino.com.ar\/usina5\/wp-json\/wp\/v2\/users\/3"}],"replies":[{"embeddable":true,"href":"http:\/\/enteculturalsantafesino.com.ar\/usina5\/wp-json\/wp\/v2\/comments?post=2211"}],"version-history":[{"count":0,"href":"http:\/\/enteculturalsantafesino.com.ar\/usina5\/wp-json\/wp\/v2\/posts\/2211\/revisions"}],"wp:featuredmedia":[{"embeddable":true,"href":"http:\/\/enteculturalsantafesino.com.ar\/usina5\/wp-json\/wp\/v2\/media\/2212"}],"wp:attachment":[{"href":"http:\/\/enteculturalsantafesino.com.ar\/usina5\/wp-json\/wp\/v2\/media?parent=2211"}],"wp:term":[{"taxonomy":"category","embeddable":true,"href":"http:\/\/enteculturalsantafesino.com.ar\/usina5\/wp-json\/wp\/v2\/categories?post=2211"},{"taxonomy":"post_tag","embeddable":true,"href":"http:\/\/enteculturalsantafesino.com.ar\/usina5\/wp-json\/wp\/v2\/tags?post=2211"}],"curies":[{"name":"wp","href":"https:\/\/api.w.org\/{rel}","templated":true}]}}