{"id":2231,"date":"2016-02-19T17:51:08","date_gmt":"2016-02-19T17:51:08","guid":{"rendered":"http:\/\/entecultura.com.ar\/usina5\/?p=2231"},"modified":"2016-02-19T17:51:08","modified_gmt":"2016-02-19T17:51:08","slug":"san-guillermo-una-visita-di-benvenuto","status":"publish","type":"post","link":"http:\/\/enteculturalsantafesino.com.ar\/usina5\/2016\/02\/san-guillermo-una-visita-di-benvenuto\/","title":{"rendered":"San Guillermo: Una visita \u00abDi Benvenuto\u00bb"},"content":{"rendered":"<p>El <strong>Presidente Comunal Daniel Martina<\/strong> recibi\u00f3 la visita de una peque\u00f1a delegaci\u00f3n del Centro de Piemonte, al Norte de Italia y ubicados a unos 20km de Cumiana y 10km de Airasca.<\/p>\n<p>Los visitantes fueron acompa\u00f1ados por Alfredo Ghione y recorrieron las instalaciones de la Comuna y Centro Cultural. Adem\u00e1s, el jefe comunal hizo entrega de ediciones literarias de escritores sanguillerminos<\/p>\n","protected":false},"excerpt":{"rendered":"<p>El Presidente Comunal Daniel Martina recibi\u00f3 la visita de una peque\u00f1a delegaci\u00f3n del Centro de Piemonte, al [&hellip;]<\/p>\n","protected":false},"author":3,"featured_media":2232,"comment_status":"open","ping_status":"open","sticky":false,"template":"","format":"standard","meta":{"_jetpack_memberships_contains_paid_content":false,"footnotes":"","jetpack_publicize_message":"","jetpack_publicize_feature_enabled":true,"jetpack_social_post_already_shared":true,"jetpack_social_options":{"image_generator_settings":{"template":"highway","enabled":false}}},"categories":[10],"tags":[],"jetpack_publicize_connections":[],"jetpack_featured_media_url":"http:\/\/enteculturalsantafesino.com.ar\/usina5\/wp-content\/uploads\/2016\/02\/1.jpg","jetpack_sharing_enabled":true,"_links":{"self":[{"href":"http:\/\/enteculturalsantafesino.com.ar\/usina5\/wp-json\/wp\/v2\/posts\/2231"}],"collection":[{"href":"http:\/\/enteculturalsantafesino.com.ar\/usina5\/wp-json\/wp\/v2\/posts"}],"about":[{"href":"http:\/\/enteculturalsantafesino.com.ar\/usina5\/wp-json\/wp\/v2\/types\/post"}],"author":[{"embeddable":true,"href":"http:\/\/enteculturalsantafesino.com.ar\/usina5\/wp-json\/wp\/v2\/users\/3"}],"replies":[{"embeddable":true,"href":"http:\/\/enteculturalsantafesino.com.ar\/usina5\/wp-json\/wp\/v2\/comments?post=2231"}],"version-history":[{"count":0,"href":"http:\/\/enteculturalsantafesino.com.ar\/usina5\/wp-json\/wp\/v2\/posts\/2231\/revisions"}],"wp:featuredmedia":[{"embeddable":true,"href":"http:\/\/enteculturalsantafesino.com.ar\/usina5\/wp-json\/wp\/v2\/media\/2232"}],"wp:attachment":[{"href":"http:\/\/enteculturalsantafesino.com.ar\/usina5\/wp-json\/wp\/v2\/media?parent=2231"}],"wp:term":[{"taxonomy":"category","embeddable":true,"href":"http:\/\/enteculturalsantafesino.com.ar\/usina5\/wp-json\/wp\/v2\/categories?post=2231"},{"taxonomy":"post_tag","embeddable":true,"href":"http:\/\/enteculturalsantafesino.com.ar\/usina5\/wp-json\/wp\/v2\/tags?post=2231"}],"curies":[{"name":"wp","href":"https:\/\/api.w.org\/{rel}","templated":true}]}}