{"id":2238,"date":"2016-02-23T11:34:29","date_gmt":"2016-02-23T11:34:29","guid":{"rendered":"http:\/\/entecultura.com.ar\/usina5\/?p=2238"},"modified":"2016-02-23T11:34:29","modified_gmt":"2016-02-23T11:34:29","slug":"san-guillermo-abierta-la-inscripcion-al-taller-de-danzas-clasicas-y-contemporaneas","status":"publish","type":"post","link":"http:\/\/enteculturalsantafesino.com.ar\/usina5\/2016\/02\/san-guillermo-abierta-la-inscripcion-al-taller-de-danzas-clasicas-y-contemporaneas\/","title":{"rendered":"San Guillermo: Abierta la inscripci\u00f3n al Taller de Danzas Cl\u00e1sicas y Contempor\u00e1neas"},"content":{"rendered":"<p><strong>Inscripci\u00f3n Abierta<\/strong><br \/>\nHorarios:<br \/>\nGrupo BABYS(Desde 3 a 6 a\u00f1os)<br \/>\nS\u00f3lo los d\u00edas viernes de 19:30 a 20:15 hs.<\/p>\n<p>Grupo INFANTIL: 7-8 Y 9 a\u00f1os<br \/>\nViernes: 20:15 a 21:15 hs.<br \/>\nS\u00e1bados: 11:00 a 12:00hs.<br \/>\nGrupo JUNIOR: 10-11 Y 12 a\u00f1os<br \/>\nViernes: 20:15 a 21:15 hs<br \/>\nS\u00e1bados: 10:00 a 11:00 hs.<\/p>\n<div>Grupo JUVENIL: 13-14 Y 15 a\u00f1os.<br \/>\nViernes: 21:15 a 22:30hs<br \/>\nS\u00e1bados: 12:00 a 13:00hs.<\/p>\n<\/div>\n<div>Grupo Adulto: Desde 16 a 34 a\u00f1os<br \/>\nViernes: 21:15 a 22:30 hs.<br \/>\nS\u00e1bados: 13:00 a 14:30 hs.<\/p>\n<\/div>\n<div>Grupo Senior: Mayores de 35 a\u00f1os<br \/>\nS\u00f3lo los d\u00edas s\u00e1bados de 14:30 a 15:30 hs.<\/div>\n","protected":false},"excerpt":{"rendered":"<p>Inscripci\u00f3n Abierta Horarios: Grupo BABYS(Desde 3 a 6 a\u00f1os) S\u00f3lo los d\u00edas viernes de 19:30 a 20:15 [&hellip;]<\/p>\n","protected":false},"author":3,"featured_media":2239,"comment_status":"open","ping_status":"open","sticky":false,"template":"","format":"standard","meta":{"_jetpack_memberships_contains_paid_content":false,"footnotes":"","jetpack_publicize_message":"","jetpack_publicize_feature_enabled":true,"jetpack_social_post_already_shared":true,"jetpack_social_options":{"image_generator_settings":{"template":"highway","enabled":false}}},"categories":[10],"tags":[],"jetpack_publicize_connections":[],"jetpack_featured_media_url":"http:\/\/enteculturalsantafesino.com.ar\/usina5\/wp-content\/uploads\/2016\/02\/7ea1e289-9f87-455a-afb8-f34a79e7ca6a.jpg","jetpack_sharing_enabled":true,"_links":{"self":[{"href":"http:\/\/enteculturalsantafesino.com.ar\/usina5\/wp-json\/wp\/v2\/posts\/2238"}],"collection":[{"href":"http:\/\/enteculturalsantafesino.com.ar\/usina5\/wp-json\/wp\/v2\/posts"}],"about":[{"href":"http:\/\/enteculturalsantafesino.com.ar\/usina5\/wp-json\/wp\/v2\/types\/post"}],"author":[{"embeddable":true,"href":"http:\/\/enteculturalsantafesino.com.ar\/usina5\/wp-json\/wp\/v2\/users\/3"}],"replies":[{"embeddable":true,"href":"http:\/\/enteculturalsantafesino.com.ar\/usina5\/wp-json\/wp\/v2\/comments?post=2238"}],"version-history":[{"count":0,"href":"http:\/\/enteculturalsantafesino.com.ar\/usina5\/wp-json\/wp\/v2\/posts\/2238\/revisions"}],"wp:featuredmedia":[{"embeddable":true,"href":"http:\/\/enteculturalsantafesino.com.ar\/usina5\/wp-json\/wp\/v2\/media\/2239"}],"wp:attachment":[{"href":"http:\/\/enteculturalsantafesino.com.ar\/usina5\/wp-json\/wp\/v2\/media?parent=2238"}],"wp:term":[{"taxonomy":"category","embeddable":true,"href":"http:\/\/enteculturalsantafesino.com.ar\/usina5\/wp-json\/wp\/v2\/categories?post=2238"},{"taxonomy":"post_tag","embeddable":true,"href":"http:\/\/enteculturalsantafesino.com.ar\/usina5\/wp-json\/wp\/v2\/tags?post=2238"}],"curies":[{"name":"wp","href":"https:\/\/api.w.org\/{rel}","templated":true}]}}