{"id":2246,"date":"2016-02-25T18:34:29","date_gmt":"2016-02-25T18:34:29","guid":{"rendered":"http:\/\/entecultura.com.ar\/usina5\/?p=2246"},"modified":"2016-02-25T18:34:29","modified_gmt":"2016-02-25T18:34:29","slug":"san-guillermo-tejiendo-redes-de-trabajo-con-mas-cultura-e-integracion","status":"publish","type":"post","link":"http:\/\/enteculturalsantafesino.com.ar\/usina5\/2016\/02\/san-guillermo-tejiendo-redes-de-trabajo-con-mas-cultura-e-integracion\/","title":{"rendered":"San Guillermo: Tejiendo redes de trabajo con m\u00e1s cultura e integraci\u00f3n"},"content":{"rendered":"<p>Una interesante mesa de trabajo en la Escuela Especial N\u00b0 2091 de nuestra localidad junto a autoridades comunales y representantes de las \u00e1reas de cultura de San Guillermo, Suardi y Arruf\u00f3, adem\u00e1s de directivos de los niveles primario y secundario para conformar campos de aprendizajes en cada comunidad, favorecer espacios de inclusi\u00f3n para la alfabetizaci\u00f3n integral y generar redes interinstitucionales.<\/p>\n<p><em>Gracias a las comunas e instituciones educativas que participaron y se comprometieron a trabajar conjuntamente por la inclusi\u00f3n de todos los ni\u00f1os y adolescentes.<\/em><\/p>\n","protected":false},"excerpt":{"rendered":"<p>Una interesante mesa de trabajo en la Escuela Especial N\u00b0 2091 de nuestra localidad junto a autoridades [&hellip;]<\/p>\n","protected":false},"author":3,"featured_media":2247,"comment_status":"open","ping_status":"open","sticky":false,"template":"","format":"standard","meta":{"_jetpack_memberships_contains_paid_content":false,"footnotes":"","jetpack_publicize_message":"","jetpack_publicize_feature_enabled":true,"jetpack_social_post_already_shared":true,"jetpack_social_options":{"image_generator_settings":{"template":"highway","enabled":false}}},"categories":[10],"tags":[],"jetpack_publicize_connections":[],"jetpack_featured_media_url":"http:\/\/enteculturalsantafesino.com.ar\/usina5\/wp-content\/uploads\/2016\/02\/d21514fe-2806-4bc9-8613-435c4a192bf8.jpg","jetpack_sharing_enabled":true,"_links":{"self":[{"href":"http:\/\/enteculturalsantafesino.com.ar\/usina5\/wp-json\/wp\/v2\/posts\/2246"}],"collection":[{"href":"http:\/\/enteculturalsantafesino.com.ar\/usina5\/wp-json\/wp\/v2\/posts"}],"about":[{"href":"http:\/\/enteculturalsantafesino.com.ar\/usina5\/wp-json\/wp\/v2\/types\/post"}],"author":[{"embeddable":true,"href":"http:\/\/enteculturalsantafesino.com.ar\/usina5\/wp-json\/wp\/v2\/users\/3"}],"replies":[{"embeddable":true,"href":"http:\/\/enteculturalsantafesino.com.ar\/usina5\/wp-json\/wp\/v2\/comments?post=2246"}],"version-history":[{"count":0,"href":"http:\/\/enteculturalsantafesino.com.ar\/usina5\/wp-json\/wp\/v2\/posts\/2246\/revisions"}],"wp:featuredmedia":[{"embeddable":true,"href":"http:\/\/enteculturalsantafesino.com.ar\/usina5\/wp-json\/wp\/v2\/media\/2247"}],"wp:attachment":[{"href":"http:\/\/enteculturalsantafesino.com.ar\/usina5\/wp-json\/wp\/v2\/media?parent=2246"}],"wp:term":[{"taxonomy":"category","embeddable":true,"href":"http:\/\/enteculturalsantafesino.com.ar\/usina5\/wp-json\/wp\/v2\/categories?post=2246"},{"taxonomy":"post_tag","embeddable":true,"href":"http:\/\/enteculturalsantafesino.com.ar\/usina5\/wp-json\/wp\/v2\/tags?post=2246"}],"curies":[{"name":"wp","href":"https:\/\/api.w.org\/{rel}","templated":true}]}}