{"id":2261,"date":"2016-02-27T18:55:12","date_gmt":"2016-02-27T18:55:12","guid":{"rendered":"http:\/\/entecultura.com.ar\/usina5\/?p=2261"},"modified":"2016-02-27T18:56:03","modified_gmt":"2016-02-27T18:56:03","slug":"suardi-lanza-sus-talleres-culturales-2016-2","status":"publish","type":"post","link":"http:\/\/enteculturalsantafesino.com.ar\/usina5\/2016\/02\/suardi-lanza-sus-talleres-culturales-2016-2\/","title":{"rendered":"Suardi lanza sus \u00abTalleres Culturales 2016\u00bb"},"content":{"rendered":"\n\t\t<style type=\"text\/css\">\n\t\t\t#gallery-1 {\n\t\t\t\tmargin: auto;\n\t\t\t}\n\t\t\t#gallery-1 .gallery-item {\n\t\t\t\tfloat: left;\n\t\t\t\tmargin-top: 10px;\n\t\t\t\ttext-align: center;\n\t\t\t\twidth: 33%;\n\t\t\t}\n\t\t\t#gallery-1 img {\n\t\t\t\tborder: 2px solid #cfcfcf;\n\t\t\t}\n\t\t\t#gallery-1 .gallery-caption {\n\t\t\t\tmargin-left: 0;\n\t\t\t}\n\t\t\t\/* see gallery_shortcode() in wp-includes\/media.php *\/\n\t\t<\/style>\n\t\t<div id='gallery-1' class='gallery galleryid-2261 gallery-columns-3 gallery-size-thumbnail'><dl class='gallery-item'>\n\t\t\t<dt class='gallery-icon landscape'>\n\t\t\t\t<a href='http:\/\/enteculturalsantafesino.com.ar\/usina5\/2016\/02\/suardi-lanza-sus-talleres-culturales-2016-2\/9f8c7ebb-4b2d-40c6-ba3d-8c516652b62d\/'><img loading=\"lazy\" decoding=\"async\" width=\"150\" height=\"150\" src=\"http:\/\/enteculturalsantafesino.com.ar\/usina5\/wp-content\/uploads\/2016\/02\/9f8c7ebb-4b2d-40c6-ba3d-8c516652b62d-150x150.jpg\" class=\"attachment-thumbnail size-thumbnail\" alt=\"\" srcset=\"http:\/\/enteculturalsantafesino.com.ar\/usina5\/wp-content\/uploads\/2016\/02\/9f8c7ebb-4b2d-40c6-ba3d-8c516652b62d-150x150.jpg 150w, http:\/\/enteculturalsantafesino.com.ar\/usina5\/wp-content\/uploads\/2016\/02\/9f8c7ebb-4b2d-40c6-ba3d-8c516652b62d-53x53.jpg 53w\" sizes=\"(max-width: 150px) 100vw, 150px\" \/><\/a>\n\t\t\t<\/dt><\/dl><dl class='gallery-item'>\n\t\t\t<dt class='gallery-icon landscape'>\n\t\t\t\t<a href='http:\/\/enteculturalsantafesino.com.ar\/usina5\/2016\/02\/suardi-lanza-sus-talleres-culturales-2016-2\/61e07a0c-087e-44d6-b1ca-bbfbda14aaba\/'><img loading=\"lazy\" decoding=\"async\" width=\"150\" height=\"150\" src=\"http:\/\/enteculturalsantafesino.com.ar\/usina5\/wp-content\/uploads\/2016\/02\/61e07a0c-087e-44d6-b1ca-bbfbda14aaba-150x150.jpg\" class=\"attachment-thumbnail size-thumbnail\" alt=\"\" srcset=\"http:\/\/enteculturalsantafesino.com.ar\/usina5\/wp-content\/uploads\/2016\/02\/61e07a0c-087e-44d6-b1ca-bbfbda14aaba-150x150.jpg 150w, http:\/\/enteculturalsantafesino.com.ar\/usina5\/wp-content\/uploads\/2016\/02\/61e07a0c-087e-44d6-b1ca-bbfbda14aaba-53x53.jpg 53w\" sizes=\"(max-width: 150px) 100vw, 150px\" \/><\/a>\n\t\t\t<\/dt><\/dl><dl class='gallery-item'>\n\t\t\t<dt class='gallery-icon landscape'>\n\t\t\t\t<a href='http:\/\/enteculturalsantafesino.com.ar\/usina5\/2016\/02\/suardi-lanza-sus-talleres-culturales-2016-2\/d4ebca23-aeb5-40df-acec-4005be2a394f\/'><img loading=\"lazy\" decoding=\"async\" width=\"150\" height=\"150\" src=\"http:\/\/enteculturalsantafesino.com.ar\/usina5\/wp-content\/uploads\/2016\/02\/d4ebca23-aeb5-40df-acec-4005be2a394f-150x150.jpg\" class=\"attachment-thumbnail size-thumbnail\" alt=\"\" srcset=\"http:\/\/enteculturalsantafesino.com.ar\/usina5\/wp-content\/uploads\/2016\/02\/d4ebca23-aeb5-40df-acec-4005be2a394f-150x150.jpg 150w, http:\/\/enteculturalsantafesino.com.ar\/usina5\/wp-content\/uploads\/2016\/02\/d4ebca23-aeb5-40df-acec-4005be2a394f-53x53.jpg 53w\" sizes=\"(max-width: 150px) 100vw, 150px\" \/><\/a>\n\t\t\t<\/dt><\/dl><br style=\"clear: both\" \/>\n\t\t<\/div>\n\n<p>El jueves\u00a0por la noche, se llev\u00f3 adelante la primera Reuni\u00f3n Informativa con los responsables de los Talleres Comunales 2016. La misma, cont\u00f3 con la participaci\u00f3n de Secretaria y Subsecretaria de Cultura y Educaci\u00f3n, Marianela Mottura y Noelia Narbona respectivamente.<\/p>\n<p>En la asamblea realizada en Casa de Mareil\u00ed, se aprovech\u00f3 para definir d\u00edas, horarios, espacios disponibles y metodolog\u00eda de trabajo que se llevar\u00e1n adelante durante todo el transcurso del a\u00f1o.<\/p>\n<div>\n<p>Adem\u00e1s, se realiz\u00f3 la evaluaci\u00f3n de lo trabajado en el a\u00f1o 2015 en vistas del mejoramiento y profundizaci\u00f3n de algunas acciones implementadas en este \u00e1mbito.<\/p>\n<p><strong>TALLERES COMUNALES 2016<\/strong><\/p>\n<\/div>\n<p>Ya quedaron definidos los Talleres Comunales para el Presente a\u00f1o.<\/p>\n<p>Nuevamente esta Gesti\u00f3n Comunal a trav\u00e9s de la Secretar\u00eda de Cultura y Educaci\u00f3n, brinda un amplio abanico de actividades de iniciaci\u00f3n, formaci\u00f3n y producci\u00f3n art\u00edstica y cultural en distintas disciplinas. Estas actividades se realizan de manera descentralizada en seis espacios tanto comunales como de otras instituciones locales.<\/p>\n<div>\n<p>Esta secretar\u00eda propone para este a\u00f1o nuevos talleres, ellos son: \u2018\u2019Yoga para Ni\u00f1os\u2019\u2019 y \u2018\u2019Jugando con la Matem\u00e1tica\u2019\u2019.<\/p>\n<p>Cabe destacar que, la mayor\u00eda de los talleres tendr\u00e1n apertura a mediados de marzo, mientras que otros lo har\u00e1n a partir de abril. Asimismo, se remarca que se seguir\u00e1 adelante con la modalidad de Seminarios.<\/p>\n<p>Estos talleres fueron creados con el objetivo de promover y fomentar de manera efectiva y, a un bajo costo, el acceso a bienes y servicios educativos y culturales de todos los habitantes de la localidad.<\/p>\n<p>Los interesados ya pueden inscribirse, dirigi\u00e9ndose a dicha Secretar\u00eda (Rivadavia 343) o al tel\u00e9fono 478687, de lunes a viernes de 09:00 a 13:00 y de 16:00 a 20:00 hs.<\/p>\n<\/div>\n","protected":false},"excerpt":{"rendered":"<p>El jueves\u00a0por la noche, se llev\u00f3 adelante la primera Reuni\u00f3n Informativa con los responsables de los Talleres [&hellip;]<\/p>\n","protected":false},"author":3,"featured_media":2262,"comment_status":"open","ping_status":"open","sticky":false,"template":"","format":"standard","meta":{"_jetpack_memberships_contains_paid_content":false,"footnotes":"","jetpack_publicize_message":"","jetpack_publicize_feature_enabled":true,"jetpack_social_post_already_shared":true,"jetpack_social_options":{"image_generator_settings":{"template":"highway","enabled":false}}},"categories":[2],"tags":[],"jetpack_publicize_connections":[],"jetpack_featured_media_url":"http:\/\/enteculturalsantafesino.com.ar\/usina5\/wp-content\/uploads\/2016\/02\/fafe065b-8734-4953-b63d-cfdb95d45d92.jpg","jetpack_sharing_enabled":true,"_links":{"self":[{"href":"http:\/\/enteculturalsantafesino.com.ar\/usina5\/wp-json\/wp\/v2\/posts\/2261"}],"collection":[{"href":"http:\/\/enteculturalsantafesino.com.ar\/usina5\/wp-json\/wp\/v2\/posts"}],"about":[{"href":"http:\/\/enteculturalsantafesino.com.ar\/usina5\/wp-json\/wp\/v2\/types\/post"}],"author":[{"embeddable":true,"href":"http:\/\/enteculturalsantafesino.com.ar\/usina5\/wp-json\/wp\/v2\/users\/3"}],"replies":[{"embeddable":true,"href":"http:\/\/enteculturalsantafesino.com.ar\/usina5\/wp-json\/wp\/v2\/comments?post=2261"}],"version-history":[{"count":0,"href":"http:\/\/enteculturalsantafesino.com.ar\/usina5\/wp-json\/wp\/v2\/posts\/2261\/revisions"}],"wp:featuredmedia":[{"embeddable":true,"href":"http:\/\/enteculturalsantafesino.com.ar\/usina5\/wp-json\/wp\/v2\/media\/2262"}],"wp:attachment":[{"href":"http:\/\/enteculturalsantafesino.com.ar\/usina5\/wp-json\/wp\/v2\/media?parent=2261"}],"wp:term":[{"taxonomy":"category","embeddable":true,"href":"http:\/\/enteculturalsantafesino.com.ar\/usina5\/wp-json\/wp\/v2\/categories?post=2261"},{"taxonomy":"post_tag","embeddable":true,"href":"http:\/\/enteculturalsantafesino.com.ar\/usina5\/wp-json\/wp\/v2\/tags?post=2261"}],"curies":[{"name":"wp","href":"https:\/\/api.w.org\/{rel}","templated":true}]}}