{"id":2463,"date":"2016-05-04T15:14:19","date_gmt":"2016-05-04T15:14:19","guid":{"rendered":"http:\/\/entecultura.com.ar\/usina5\/?p=2463"},"modified":"2016-05-04T15:14:19","modified_gmt":"2016-05-04T15:14:19","slug":"taller-de-tango-en-suardi","status":"publish","type":"post","link":"http:\/\/enteculturalsantafesino.com.ar\/usina5\/2016\/05\/taller-de-tango-en-suardi\/","title":{"rendered":"\u00abTaller de Tango\u00bb en Suardi"},"content":{"rendered":"<p>A cargo de Lucio Borgnino<\/p>\n<div class=\"text_exposed_show\">\n<p>Para bailar tango no hace falta ser bailar\u00edn&#8230; s\u00f3lo hacen falta ganas. Son muchos los beneficios de esta danza para el cuerpo, la mente, las emociones y el esp\u00edritu.<\/p>\n<p>En el taller se buscar\u00e1 comprender al tango, c\u00f3mo la manifestaci\u00f3n cultural excedente al baile que es. Asimismo se intentar\u00e1 incorporar y perfeccionar las herramientas fundamentales de la danza, y conocer las orquestas m\u00e1s representativas del g\u00e9nero, facilitando as\u00ed, el desarrollo del baile.<\/p>\n<p>D\u00eda: Jueves (20:00 hs)<\/p>\n<p>Lugar: Escuela T\u00e9cnica N\u00b0 500<\/p>\n<\/div>\n","protected":false},"excerpt":{"rendered":"<p>A cargo de Lucio Borgnino Para bailar tango no hace falta ser bailar\u00edn&#8230; s\u00f3lo hacen falta ganas. [&hellip;]<\/p>\n","protected":false},"author":3,"featured_media":2464,"comment_status":"open","ping_status":"open","sticky":false,"template":"","format":"standard","meta":{"_jetpack_memberships_contains_paid_content":false,"footnotes":"","jetpack_publicize_message":"","jetpack_publicize_feature_enabled":true,"jetpack_social_post_already_shared":true,"jetpack_social_options":{"image_generator_settings":{"template":"highway","enabled":false}}},"categories":[2],"tags":[],"jetpack_publicize_connections":[],"jetpack_featured_media_url":"http:\/\/enteculturalsantafesino.com.ar\/usina5\/wp-content\/uploads\/2016\/05\/13087646_787960481305925_7963618335360529337_n.jpg","jetpack_sharing_enabled":true,"_links":{"self":[{"href":"http:\/\/enteculturalsantafesino.com.ar\/usina5\/wp-json\/wp\/v2\/posts\/2463"}],"collection":[{"href":"http:\/\/enteculturalsantafesino.com.ar\/usina5\/wp-json\/wp\/v2\/posts"}],"about":[{"href":"http:\/\/enteculturalsantafesino.com.ar\/usina5\/wp-json\/wp\/v2\/types\/post"}],"author":[{"embeddable":true,"href":"http:\/\/enteculturalsantafesino.com.ar\/usina5\/wp-json\/wp\/v2\/users\/3"}],"replies":[{"embeddable":true,"href":"http:\/\/enteculturalsantafesino.com.ar\/usina5\/wp-json\/wp\/v2\/comments?post=2463"}],"version-history":[{"count":0,"href":"http:\/\/enteculturalsantafesino.com.ar\/usina5\/wp-json\/wp\/v2\/posts\/2463\/revisions"}],"wp:featuredmedia":[{"embeddable":true,"href":"http:\/\/enteculturalsantafesino.com.ar\/usina5\/wp-json\/wp\/v2\/media\/2464"}],"wp:attachment":[{"href":"http:\/\/enteculturalsantafesino.com.ar\/usina5\/wp-json\/wp\/v2\/media?parent=2463"}],"wp:term":[{"taxonomy":"category","embeddable":true,"href":"http:\/\/enteculturalsantafesino.com.ar\/usina5\/wp-json\/wp\/v2\/categories?post=2463"},{"taxonomy":"post_tag","embeddable":true,"href":"http:\/\/enteculturalsantafesino.com.ar\/usina5\/wp-json\/wp\/v2\/tags?post=2463"}],"curies":[{"name":"wp","href":"https:\/\/api.w.org\/{rel}","templated":true}]}}