{"id":2466,"date":"2016-05-04T15:15:35","date_gmt":"2016-05-04T15:15:35","guid":{"rendered":"http:\/\/entecultura.com.ar\/usina5\/?p=2466"},"modified":"2016-05-04T15:15:35","modified_gmt":"2016-05-04T15:15:35","slug":"suardi-taller-de-folclore","status":"publish","type":"post","link":"http:\/\/enteculturalsantafesino.com.ar\/usina5\/2016\/05\/suardi-taller-de-folclore\/","title":{"rendered":"Suardi: Taller de Folclore"},"content":{"rendered":"<p>A\u00a0cargo de Betina Demarchi<\/p>\n<div class=\"text_exposed_show\">\n<p>El principal objetivo de este Taller es conocer, rescatar y difundir a trav\u00e9s de la expresi\u00f3n art\u00edstica, nuestras danzas folcl\u00f3ricas tradicionales. Aqu\u00ed, no solo se aprende a bailar sino que tambi\u00e9n se profundizan la coordinaci\u00f3n, audici\u00f3n y el trabajo en conjunto.<\/p>\n<p>Practicar baile desde una temprana edad est\u00e1 comprobado que tiene m\u00faltiples beneficios, tanto cognitivos como f\u00edsicos. De esta manera, a trav\u00e9s del taller se buscar\u00e1 desarrollar y potenciar todas las capacidades de cada individuo.<\/p>\n<p>D\u00edas:<\/p>\n<p>&#8211; Lunes (18:00 hs) &#8211; Adultos (21:00 hs)<\/p>\n<p>&#8211; Jueves (18:00 hs)<\/p>\n<p>Lugar: Escuela T\u00e9cnica N\u00b0 500<\/p>\n<\/div>\n","protected":false},"excerpt":{"rendered":"<p>A\u00a0cargo de Betina Demarchi El principal objetivo de este Taller es conocer, rescatar y difundir a trav\u00e9s [&hellip;]<\/p>\n","protected":false},"author":3,"featured_media":2467,"comment_status":"open","ping_status":"open","sticky":false,"template":"","format":"standard","meta":{"_jetpack_memberships_contains_paid_content":false,"footnotes":"","jetpack_publicize_message":"","jetpack_publicize_feature_enabled":true,"jetpack_social_post_already_shared":true,"jetpack_social_options":{"image_generator_settings":{"template":"highway","enabled":false}}},"categories":[2],"tags":[],"jetpack_publicize_connections":[],"jetpack_featured_media_url":"http:\/\/enteculturalsantafesino.com.ar\/usina5\/wp-content\/uploads\/2016\/05\/13151960_788375401264433_6761510871924209562_n.jpg","jetpack_sharing_enabled":true,"_links":{"self":[{"href":"http:\/\/enteculturalsantafesino.com.ar\/usina5\/wp-json\/wp\/v2\/posts\/2466"}],"collection":[{"href":"http:\/\/enteculturalsantafesino.com.ar\/usina5\/wp-json\/wp\/v2\/posts"}],"about":[{"href":"http:\/\/enteculturalsantafesino.com.ar\/usina5\/wp-json\/wp\/v2\/types\/post"}],"author":[{"embeddable":true,"href":"http:\/\/enteculturalsantafesino.com.ar\/usina5\/wp-json\/wp\/v2\/users\/3"}],"replies":[{"embeddable":true,"href":"http:\/\/enteculturalsantafesino.com.ar\/usina5\/wp-json\/wp\/v2\/comments?post=2466"}],"version-history":[{"count":0,"href":"http:\/\/enteculturalsantafesino.com.ar\/usina5\/wp-json\/wp\/v2\/posts\/2466\/revisions"}],"wp:featuredmedia":[{"embeddable":true,"href":"http:\/\/enteculturalsantafesino.com.ar\/usina5\/wp-json\/wp\/v2\/media\/2467"}],"wp:attachment":[{"href":"http:\/\/enteculturalsantafesino.com.ar\/usina5\/wp-json\/wp\/v2\/media?parent=2466"}],"wp:term":[{"taxonomy":"category","embeddable":true,"href":"http:\/\/enteculturalsantafesino.com.ar\/usina5\/wp-json\/wp\/v2\/categories?post=2466"},{"taxonomy":"post_tag","embeddable":true,"href":"http:\/\/enteculturalsantafesino.com.ar\/usina5\/wp-json\/wp\/v2\/tags?post=2466"}],"curies":[{"name":"wp","href":"https:\/\/api.w.org\/{rel}","templated":true}]}}