{"id":2476,"date":"2016-05-06T16:21:23","date_gmt":"2016-05-06T16:21:23","guid":{"rendered":"http:\/\/entecultura.com.ar\/usina5\/?p=2476"},"modified":"2016-05-06T16:21:23","modified_gmt":"2016-05-06T16:21:23","slug":"taller-de-teatro-en-suardi","status":"publish","type":"post","link":"http:\/\/enteculturalsantafesino.com.ar\/usina5\/2016\/05\/taller-de-teatro-en-suardi\/","title":{"rendered":"\u00abTaller de Teatro\u00bb en Suardi"},"content":{"rendered":"<p>A\u00a0cargo de Nicol\u00e1s Negri (Direcci\u00f3n) y Javier Dorrego (Producci\u00f3n)<\/p>\n<div class=\"text_exposed_show\">\n<p>A partir de los potenciales individuales y grupales, y por medio de la improvisaci\u00f3n, el entrenamiento y el acompa\u00f1amiento a los participantes, se comienzan a incorporar las herramientas necesarias para entrar en el campo de juego que es el teatro, desarrollando y conociendo su propio lenguaje expresivo.<\/p>\n<p>Encontrar\u00e1n un espacio de expresi\u00f3n, diversi\u00f3n, trabajo f\u00edsico, desarrollo del campo imaginario, formaci\u00f3n actoral y construcci\u00f3n social, un lugar donde adem\u00e1s de pasarla bien y conocer gente, HACEMOS TEATRO.<\/p>\n<p>D\u00edas: Martes (20:30 hs) y Mi\u00e9rcoles (20:30 hs)<\/p>\n<p>Lugar: Sala Estrada<\/p>\n<\/div>\n","protected":false},"excerpt":{"rendered":"<p>A\u00a0cargo de Nicol\u00e1s Negri (Direcci\u00f3n) y Javier Dorrego (Producci\u00f3n) A partir de los potenciales individuales y grupales, [&hellip;]<\/p>\n","protected":false},"author":3,"featured_media":2477,"comment_status":"open","ping_status":"open","sticky":false,"template":"","format":"standard","meta":{"_jetpack_memberships_contains_paid_content":false,"footnotes":"","jetpack_publicize_message":"","jetpack_publicize_feature_enabled":true,"jetpack_social_post_already_shared":true,"jetpack_social_options":{"image_generator_settings":{"template":"highway","enabled":false}}},"categories":[2],"tags":[],"jetpack_publicize_connections":[],"jetpack_featured_media_url":"http:\/\/enteculturalsantafesino.com.ar\/usina5\/wp-content\/uploads\/2016\/05\/13177649_788832667885373_2374396157613295810_n.jpg","jetpack_sharing_enabled":true,"_links":{"self":[{"href":"http:\/\/enteculturalsantafesino.com.ar\/usina5\/wp-json\/wp\/v2\/posts\/2476"}],"collection":[{"href":"http:\/\/enteculturalsantafesino.com.ar\/usina5\/wp-json\/wp\/v2\/posts"}],"about":[{"href":"http:\/\/enteculturalsantafesino.com.ar\/usina5\/wp-json\/wp\/v2\/types\/post"}],"author":[{"embeddable":true,"href":"http:\/\/enteculturalsantafesino.com.ar\/usina5\/wp-json\/wp\/v2\/users\/3"}],"replies":[{"embeddable":true,"href":"http:\/\/enteculturalsantafesino.com.ar\/usina5\/wp-json\/wp\/v2\/comments?post=2476"}],"version-history":[{"count":0,"href":"http:\/\/enteculturalsantafesino.com.ar\/usina5\/wp-json\/wp\/v2\/posts\/2476\/revisions"}],"wp:featuredmedia":[{"embeddable":true,"href":"http:\/\/enteculturalsantafesino.com.ar\/usina5\/wp-json\/wp\/v2\/media\/2477"}],"wp:attachment":[{"href":"http:\/\/enteculturalsantafesino.com.ar\/usina5\/wp-json\/wp\/v2\/media?parent=2476"}],"wp:term":[{"taxonomy":"category","embeddable":true,"href":"http:\/\/enteculturalsantafesino.com.ar\/usina5\/wp-json\/wp\/v2\/categories?post=2476"},{"taxonomy":"post_tag","embeddable":true,"href":"http:\/\/enteculturalsantafesino.com.ar\/usina5\/wp-json\/wp\/v2\/tags?post=2476"}],"curies":[{"name":"wp","href":"https:\/\/api.w.org\/{rel}","templated":true}]}}