{"id":2566,"date":"2016-05-24T11:02:01","date_gmt":"2016-05-24T11:02:01","guid":{"rendered":"http:\/\/entecultura.com.ar\/usina5\/?p=2566"},"modified":"2016-05-24T11:02:01","modified_gmt":"2016-05-24T11:02:01","slug":"mas-propuestas-culturales-en-monte-oscuridad","status":"publish","type":"post","link":"http:\/\/enteculturalsantafesino.com.ar\/usina5\/2016\/05\/mas-propuestas-culturales-en-monte-oscuridad\/","title":{"rendered":"M\u00e1s propuestas culturales en Monte Oscuridad"},"content":{"rendered":"<p>Se realiz\u00f3 el s\u00e1bado 21 la primera reuni\u00f3n de los talleres comunales de Monte Oscuridad. Organizando los d\u00edas y horarios para Tejido, Costura, Bordado (Chino, Calado, Alto relieve mejicano, cinta y pintado a la aguja). Entre las distintas profesoras y alumnas se fij\u00f3: \u2022 TEJIDO y BORDADO: Jueves de 16 hs a 18 hs. \u2022 COSTURA: Viernes de 17 hs a 19 hs.<\/p>\n","protected":false},"excerpt":{"rendered":"<p>Se realiz\u00f3 el s\u00e1bado 21 la primera reuni\u00f3n de los talleres comunales de Monte Oscuridad. Organizando los [&hellip;]<\/p>\n","protected":false},"author":3,"featured_media":0,"comment_status":"open","ping_status":"open","sticky":false,"template":"","format":"standard","meta":{"_jetpack_memberships_contains_paid_content":false,"footnotes":"","jetpack_publicize_message":"","jetpack_publicize_feature_enabled":true,"jetpack_social_post_already_shared":true,"jetpack_social_options":{"image_generator_settings":{"template":"highway","enabled":false}}},"categories":[11],"tags":[],"jetpack_publicize_connections":[],"jetpack_featured_media_url":"","jetpack_sharing_enabled":true,"_links":{"self":[{"href":"http:\/\/enteculturalsantafesino.com.ar\/usina5\/wp-json\/wp\/v2\/posts\/2566"}],"collection":[{"href":"http:\/\/enteculturalsantafesino.com.ar\/usina5\/wp-json\/wp\/v2\/posts"}],"about":[{"href":"http:\/\/enteculturalsantafesino.com.ar\/usina5\/wp-json\/wp\/v2\/types\/post"}],"author":[{"embeddable":true,"href":"http:\/\/enteculturalsantafesino.com.ar\/usina5\/wp-json\/wp\/v2\/users\/3"}],"replies":[{"embeddable":true,"href":"http:\/\/enteculturalsantafesino.com.ar\/usina5\/wp-json\/wp\/v2\/comments?post=2566"}],"version-history":[{"count":0,"href":"http:\/\/enteculturalsantafesino.com.ar\/usina5\/wp-json\/wp\/v2\/posts\/2566\/revisions"}],"wp:attachment":[{"href":"http:\/\/enteculturalsantafesino.com.ar\/usina5\/wp-json\/wp\/v2\/media?parent=2566"}],"wp:term":[{"taxonomy":"category","embeddable":true,"href":"http:\/\/enteculturalsantafesino.com.ar\/usina5\/wp-json\/wp\/v2\/categories?post=2566"},{"taxonomy":"post_tag","embeddable":true,"href":"http:\/\/enteculturalsantafesino.com.ar\/usina5\/wp-json\/wp\/v2\/tags?post=2566"}],"curies":[{"name":"wp","href":"https:\/\/api.w.org\/{rel}","templated":true}]}}