{"id":2694,"date":"2016-07-02T23:07:20","date_gmt":"2016-07-02T23:07:20","guid":{"rendered":"http:\/\/entecultura.com.ar\/usina5\/?p=2694"},"modified":"2016-07-02T23:07:20","modified_gmt":"2016-07-02T23:07:20","slug":"suardi-actividades-por-el-bicentenario-de-la-independencia","status":"publish","type":"post","link":"http:\/\/enteculturalsantafesino.com.ar\/usina5\/2016\/07\/suardi-actividades-por-el-bicentenario-de-la-independencia\/","title":{"rendered":"Suardi: Actividades por el Bicentenario de la Independencia"},"content":{"rendered":"<p>Con motivo de celebrarse en nuestro pa\u00eds el <strong>Bicentenario de la Declaraci\u00f3n de la Independencia<\/strong>, la Comisi\u00f3n Comunal, junto a la Secretar\u00eda de Cultura y Educaci\u00f3n, invita a participar de las actividades que se realizar\u00e1n, conmemorando este significativo acontecimiento:<\/p>\n<p>&#8211; Viernes 08\/07: \u2018\u2019Milonga del Bicentenario\u2019\u2019 \u2013 21:00 hs \u2013 Club de Abuelos.<\/p>\n<div>\n<p>&#8211; S\u00e1bado 09\/07:<\/p>\n<p>09:30 hs \u2013 Tedeum en Templo San Cayetano.<\/p>\n<p>10:00 hs \u2013 Acto Protocolar en explanada del Edificio Comunal.<\/p>\n<p>11:30 hs \u2013 \u2018\u2019Descubrimiento del Mural del Bicentenario\u2019\u2019. Garita de Colectivos \u2013 Bv. San Mart\u00edn.<\/p>\n<p>15:00 hs \u2013 \u2018\u2019Pe\u00f1a del Bicentenario\u2019\u2019 \u2013 Feria de Artesanos y Platos Dulces \u2013 Plaza San Mart\u00edn.<\/p>\n<p>17:00 hs \u2013 Cine por la Independencia, para ni\u00f1os.<\/p>\n<p>&#8211; Domingo 10\/07: \u2018\u2019ALAS\u2019\u2019 Presentaci\u00f3n del Taller Comunal de Acro Telas \u2013 19:00 hs \u2013 Sala Estrada.<\/p>\n<\/div>\n","protected":false},"excerpt":{"rendered":"<p>Con motivo de celebrarse en nuestro pa\u00eds el Bicentenario de la Declaraci\u00f3n de la Independencia, la Comisi\u00f3n [&hellip;]<\/p>\n","protected":false},"author":3,"featured_media":2695,"comment_status":"open","ping_status":"open","sticky":false,"template":"","format":"standard","meta":{"_jetpack_memberships_contains_paid_content":false,"footnotes":"","jetpack_publicize_message":"","jetpack_publicize_feature_enabled":true,"jetpack_social_post_already_shared":true,"jetpack_social_options":{"image_generator_settings":{"template":"highway","enabled":false}}},"categories":[1],"tags":[],"jetpack_publicize_connections":[],"jetpack_featured_media_url":"http:\/\/enteculturalsantafesino.com.ar\/usina5\/wp-content\/uploads\/2016\/07\/\u201cBicentenario-de-la-Independencia\u201d.jpg","jetpack_sharing_enabled":true,"_links":{"self":[{"href":"http:\/\/enteculturalsantafesino.com.ar\/usina5\/wp-json\/wp\/v2\/posts\/2694"}],"collection":[{"href":"http:\/\/enteculturalsantafesino.com.ar\/usina5\/wp-json\/wp\/v2\/posts"}],"about":[{"href":"http:\/\/enteculturalsantafesino.com.ar\/usina5\/wp-json\/wp\/v2\/types\/post"}],"author":[{"embeddable":true,"href":"http:\/\/enteculturalsantafesino.com.ar\/usina5\/wp-json\/wp\/v2\/users\/3"}],"replies":[{"embeddable":true,"href":"http:\/\/enteculturalsantafesino.com.ar\/usina5\/wp-json\/wp\/v2\/comments?post=2694"}],"version-history":[{"count":0,"href":"http:\/\/enteculturalsantafesino.com.ar\/usina5\/wp-json\/wp\/v2\/posts\/2694\/revisions"}],"wp:featuredmedia":[{"embeddable":true,"href":"http:\/\/enteculturalsantafesino.com.ar\/usina5\/wp-json\/wp\/v2\/media\/2695"}],"wp:attachment":[{"href":"http:\/\/enteculturalsantafesino.com.ar\/usina5\/wp-json\/wp\/v2\/media?parent=2694"}],"wp:term":[{"taxonomy":"category","embeddable":true,"href":"http:\/\/enteculturalsantafesino.com.ar\/usina5\/wp-json\/wp\/v2\/categories?post=2694"},{"taxonomy":"post_tag","embeddable":true,"href":"http:\/\/enteculturalsantafesino.com.ar\/usina5\/wp-json\/wp\/v2\/tags?post=2694"}],"curies":[{"name":"wp","href":"https:\/\/api.w.org\/{rel}","templated":true}]}}