{"id":2697,"date":"2016-07-04T14:52:14","date_gmt":"2016-07-04T14:52:14","guid":{"rendered":"http:\/\/entecultura.com.ar\/usina5\/?p=2697"},"modified":"2016-07-04T14:52:14","modified_gmt":"2016-07-04T14:52:14","slug":"ceres-el-ejecutivo-recibio-a-la-asociacion-ferroviaria-los-catangos","status":"publish","type":"post","link":"http:\/\/enteculturalsantafesino.com.ar\/usina5\/2016\/07\/ceres-el-ejecutivo-recibio-a-la-asociacion-ferroviaria-los-catangos\/","title":{"rendered":"Ceres: El Ejecutivo recibi\u00f3 a la Asociaci\u00f3n Ferroviaria \u00abLos Catangos\u00bb"},"content":{"rendered":"<p>En la ma\u00f1ana de este lunes fr\u00edo y lluvioso, el intendente, Camilo Busquets, y todo el ejecutivo municipal, recibieron en el palacio municipal a la entidad cultural sin fines de lucro \u201cLos Catangos\u201d.<\/p>\n<p>La mesa de reuniones de la municipalidad fue el lugar elegido para la reuni\u00f3n, en donde dieron a conocer los detalles de este viaje por el Bicentenario de la patria, uniendo Bah\u00eda Blanca con Tucum\u00e1n.<\/p>\n<p>Esta traves\u00eda se realiza en veh\u00edculos llamados zorras de v\u00edas, y se cubrir\u00e1n m\u00e1s de 1700\u00a0km. en 14 d\u00edas, con un diario de recorrido de 134\u00a0km. por d\u00eda.<\/p>\n","protected":false},"excerpt":{"rendered":"<p>En la ma\u00f1ana de este lunes fr\u00edo y lluvioso, el intendente, Camilo Busquets, y todo el ejecutivo [&hellip;]<\/p>\n","protected":false},"author":3,"featured_media":2698,"comment_status":"open","ping_status":"open","sticky":false,"template":"","format":"standard","meta":{"_jetpack_memberships_contains_paid_content":false,"footnotes":"","jetpack_publicize_message":"","jetpack_publicize_feature_enabled":true,"jetpack_social_post_already_shared":true,"jetpack_social_options":{"image_generator_settings":{"template":"highway","enabled":false}}},"categories":[7],"tags":[],"jetpack_publicize_connections":[],"jetpack_featured_media_url":"http:\/\/enteculturalsantafesino.com.ar\/usina5\/wp-content\/uploads\/2016\/07\/9e9da367-e354-4aad-8703-abd7cdcd2a88.jpg","jetpack_sharing_enabled":true,"_links":{"self":[{"href":"http:\/\/enteculturalsantafesino.com.ar\/usina5\/wp-json\/wp\/v2\/posts\/2697"}],"collection":[{"href":"http:\/\/enteculturalsantafesino.com.ar\/usina5\/wp-json\/wp\/v2\/posts"}],"about":[{"href":"http:\/\/enteculturalsantafesino.com.ar\/usina5\/wp-json\/wp\/v2\/types\/post"}],"author":[{"embeddable":true,"href":"http:\/\/enteculturalsantafesino.com.ar\/usina5\/wp-json\/wp\/v2\/users\/3"}],"replies":[{"embeddable":true,"href":"http:\/\/enteculturalsantafesino.com.ar\/usina5\/wp-json\/wp\/v2\/comments?post=2697"}],"version-history":[{"count":0,"href":"http:\/\/enteculturalsantafesino.com.ar\/usina5\/wp-json\/wp\/v2\/posts\/2697\/revisions"}],"wp:featuredmedia":[{"embeddable":true,"href":"http:\/\/enteculturalsantafesino.com.ar\/usina5\/wp-json\/wp\/v2\/media\/2698"}],"wp:attachment":[{"href":"http:\/\/enteculturalsantafesino.com.ar\/usina5\/wp-json\/wp\/v2\/media?parent=2697"}],"wp:term":[{"taxonomy":"category","embeddable":true,"href":"http:\/\/enteculturalsantafesino.com.ar\/usina5\/wp-json\/wp\/v2\/categories?post=2697"},{"taxonomy":"post_tag","embeddable":true,"href":"http:\/\/enteculturalsantafesino.com.ar\/usina5\/wp-json\/wp\/v2\/tags?post=2697"}],"curies":[{"name":"wp","href":"https:\/\/api.w.org\/{rel}","templated":true}]}}