{"id":2719,"date":"2016-07-19T16:47:11","date_gmt":"2016-07-19T16:47:11","guid":{"rendered":"http:\/\/entecultura.com.ar\/usina5\/?p=2719"},"modified":"2016-07-19T16:47:11","modified_gmt":"2016-07-19T16:47:11","slug":"el-programa-cooltura-llega-a-villa-trinidad","status":"publish","type":"post","link":"http:\/\/enteculturalsantafesino.com.ar\/usina5\/2016\/07\/el-programa-cooltura-llega-a-villa-trinidad\/","title":{"rendered":"El programa \u00abCoolTURA\u00bb llega a Villa Trinidad"},"content":{"rendered":"<p>La<strong>\u00a0Secretaria de Cultura y Educaci\u00f3n de Villa Trinidad <\/strong>perteneciente a la<strong> Usina Cultura V <\/strong>invitan a la <strong>Muestra Desfile del Programa \u201cCoolTURA\u201d <\/strong>, promovido por el<strong> Ente cultural Santafesino<\/strong>, donde participaran Modistas\/os dise\u00f1adores de la\u00a0localidad y de\u00a0 la regi\u00f3n que integran a la mencionada Usina.<\/p>\n<p>El mismo se llevar\u00e1 a cabo el domingo 24 de julio junio a partir de las <strong>17hs<\/strong> en la\u00a0<strong>Sede Social del C.A.L.T.<\/strong><\/p>\n<p>Con entrada libre y gratuita, la propuesta incluye desfile \u00a0prendas de modistas dise\u00f1adoras\/os, tejido, accesorios \u00a0y la presentaci\u00f3n de artistas locales. El prop\u00f3sito de este programa es de promover la diversidad y el talento de cada participante tanto local como regional.<\/p>\n<p><strong>CoolTURA<\/strong> busca promover la diversidad, pluralidad y talento de cada participante a trav\u00e9s de la organizaci\u00f3n de desfiles en diferentes regiones de todo el territorio provincial. <em>La Colecci\u00f3n Provincial puede visitarse en la Galer\u00eda Virtual del Ente Cultural Santafesino: http:\/\/enteculturalsantafesino.com.ar\/cooltura\/<\/em><\/p>\n<p><em>El Programa basa su acci\u00f3n en dos etapas:<\/em><\/p>\n<p>La primera se desarrolla con la difusi\u00f3n y desarrollo de exposiciones a trav\u00e9s de Desfiles, que permitir\u00e1 la promoci\u00f3n y el registro de cada participante local, dentro de una regi\u00f3n (Usina II) al \u00e1mbito provincial.<\/p>\n<p>La segunda fase se genera en el \u00e1mbito virtual generando una Galer\u00eda Virtual de estrategias y colecciones productivas que permitan difundir y originar redes culturales y comerciales, en b\u00fasqueda de jerarquizaci\u00f3n y capacitaci\u00f3n en cada uno de los participantes.<\/p>\n<p>Disfruta de la Galer\u00eda virtual en:\u00a0<em>http:\/\/enteculturalsantafesino.com.ar\/cooltura\/<\/em><\/p>\n","protected":false},"excerpt":{"rendered":"<p>La\u00a0Secretaria de Cultura y Educaci\u00f3n de Villa Trinidad perteneciente a la Usina Cultura V invitan a la [&hellip;]<\/p>\n","protected":false},"author":3,"featured_media":2720,"comment_status":"open","ping_status":"open","sticky":false,"template":"","format":"standard","meta":{"_jetpack_memberships_contains_paid_content":false,"footnotes":"","jetpack_publicize_message":"","jetpack_publicize_feature_enabled":true,"jetpack_social_post_already_shared":true,"jetpack_social_options":{"image_generator_settings":{"template":"highway","enabled":false}}},"categories":[6,5],"tags":[],"jetpack_publicize_connections":[],"jetpack_featured_media_url":"http:\/\/enteculturalsantafesino.com.ar\/usina5\/wp-content\/uploads\/2016\/07\/10393893_601593896638159_5761399313003036537_n.jpg","jetpack_sharing_enabled":true,"_links":{"self":[{"href":"http:\/\/enteculturalsantafesino.com.ar\/usina5\/wp-json\/wp\/v2\/posts\/2719"}],"collection":[{"href":"http:\/\/enteculturalsantafesino.com.ar\/usina5\/wp-json\/wp\/v2\/posts"}],"about":[{"href":"http:\/\/enteculturalsantafesino.com.ar\/usina5\/wp-json\/wp\/v2\/types\/post"}],"author":[{"embeddable":true,"href":"http:\/\/enteculturalsantafesino.com.ar\/usina5\/wp-json\/wp\/v2\/users\/3"}],"replies":[{"embeddable":true,"href":"http:\/\/enteculturalsantafesino.com.ar\/usina5\/wp-json\/wp\/v2\/comments?post=2719"}],"version-history":[{"count":0,"href":"http:\/\/enteculturalsantafesino.com.ar\/usina5\/wp-json\/wp\/v2\/posts\/2719\/revisions"}],"wp:featuredmedia":[{"embeddable":true,"href":"http:\/\/enteculturalsantafesino.com.ar\/usina5\/wp-json\/wp\/v2\/media\/2720"}],"wp:attachment":[{"href":"http:\/\/enteculturalsantafesino.com.ar\/usina5\/wp-json\/wp\/v2\/media?parent=2719"}],"wp:term":[{"taxonomy":"category","embeddable":true,"href":"http:\/\/enteculturalsantafesino.com.ar\/usina5\/wp-json\/wp\/v2\/categories?post=2719"},{"taxonomy":"post_tag","embeddable":true,"href":"http:\/\/enteculturalsantafesino.com.ar\/usina5\/wp-json\/wp\/v2\/tags?post=2719"}],"curies":[{"name":"wp","href":"https:\/\/api.w.org\/{rel}","templated":true}]}}