{"id":2743,"date":"2016-08-02T13:55:48","date_gmt":"2016-08-02T13:55:48","guid":{"rendered":"http:\/\/entecultura.com.ar\/usina5\/?p=2743"},"modified":"2016-08-02T13:55:48","modified_gmt":"2016-08-02T13:55:48","slug":"suardi-muestra-de-autores-locales","status":"publish","type":"post","link":"http:\/\/enteculturalsantafesino.com.ar\/usina5\/2016\/08\/suardi-muestra-de-autores-locales\/","title":{"rendered":"Suardi: Muestra de Autores locales"},"content":{"rendered":"<p>La <strong>Secretar\u00eda de Cultura y Educaci\u00f3n<\/strong> de la Comuna de la Ciudad de Suardi convoca a Artistas Pl\u00e1sticos de la localidad, a ser parte de esta propuesta, exponiendo sus obras en el Hall de Casa de Mareil\u00ed.<\/p>\n<div>\n<p>Para mayor informaci\u00f3n acercarse a dicha secretar\u00eda (Rivadavia 343) en los horarios de atenci\u00f3n al p\u00fablico (09:00 hs a 12:00 hs y 16:00 hs a 20:00 hs).<\/p>\n<\/div>\n","protected":false},"excerpt":{"rendered":"<p>La Secretar\u00eda de Cultura y Educaci\u00f3n de la Comuna de la Ciudad de Suardi convoca a Artistas [&hellip;]<\/p>\n","protected":false},"author":3,"featured_media":2744,"comment_status":"open","ping_status":"open","sticky":false,"template":"","format":"standard","meta":{"_jetpack_memberships_contains_paid_content":false,"footnotes":"","jetpack_publicize_message":"","jetpack_publicize_feature_enabled":true,"jetpack_social_post_already_shared":true,"jetpack_social_options":{"image_generator_settings":{"template":"highway","enabled":false}}},"categories":[2],"tags":[],"jetpack_publicize_connections":[],"jetpack_featured_media_url":"http:\/\/enteculturalsantafesino.com.ar\/usina5\/wp-content\/uploads\/2016\/08\/5053b19c-ca0d-4473-8370-b068a82d1446.jpg","jetpack_sharing_enabled":true,"_links":{"self":[{"href":"http:\/\/enteculturalsantafesino.com.ar\/usina5\/wp-json\/wp\/v2\/posts\/2743"}],"collection":[{"href":"http:\/\/enteculturalsantafesino.com.ar\/usina5\/wp-json\/wp\/v2\/posts"}],"about":[{"href":"http:\/\/enteculturalsantafesino.com.ar\/usina5\/wp-json\/wp\/v2\/types\/post"}],"author":[{"embeddable":true,"href":"http:\/\/enteculturalsantafesino.com.ar\/usina5\/wp-json\/wp\/v2\/users\/3"}],"replies":[{"embeddable":true,"href":"http:\/\/enteculturalsantafesino.com.ar\/usina5\/wp-json\/wp\/v2\/comments?post=2743"}],"version-history":[{"count":0,"href":"http:\/\/enteculturalsantafesino.com.ar\/usina5\/wp-json\/wp\/v2\/posts\/2743\/revisions"}],"wp:featuredmedia":[{"embeddable":true,"href":"http:\/\/enteculturalsantafesino.com.ar\/usina5\/wp-json\/wp\/v2\/media\/2744"}],"wp:attachment":[{"href":"http:\/\/enteculturalsantafesino.com.ar\/usina5\/wp-json\/wp\/v2\/media?parent=2743"}],"wp:term":[{"taxonomy":"category","embeddable":true,"href":"http:\/\/enteculturalsantafesino.com.ar\/usina5\/wp-json\/wp\/v2\/categories?post=2743"},{"taxonomy":"post_tag","embeddable":true,"href":"http:\/\/enteculturalsantafesino.com.ar\/usina5\/wp-json\/wp\/v2\/tags?post=2743"}],"curies":[{"name":"wp","href":"https:\/\/api.w.org\/{rel}","templated":true}]}}