{"id":2778,"date":"2016-08-23T16:27:57","date_gmt":"2016-08-23T16:27:57","guid":{"rendered":"http:\/\/entecultura.com.ar\/usina5\/?p=2778"},"modified":"2016-08-23T16:27:57","modified_gmt":"2016-08-23T16:27:57","slug":"san-guillermo-fue-sede-del-encuentro-de-la-usina-cultural-v","status":"publish","type":"post","link":"http:\/\/enteculturalsantafesino.com.ar\/usina5\/2016\/08\/san-guillermo-fue-sede-del-encuentro-de-la-usina-cultural-v\/","title":{"rendered":"San Guillermo fue sede del encuentro de la Usina Cultural V"},"content":{"rendered":"<p>Se llev\u00f3 a cabo en la localidad de <strong>San Guillermo<\/strong>\u00a0en el <strong>SUM\u00a0Comunal, <\/strong>durante el \u00faltimo <strong>lunes 22 de agosto<\/strong> un nuevo encuentro de la\u00a0<strong>Usina V.<\/strong><\/p>\n<p>Bajo la coordinaci\u00f3n de la <strong>Director de la Usina Sr Ernesto Paul\u00f3n<\/strong>\u00a0se evaluaron y trataron los temas involucrados a los programas y proyectos a\u00a0ejecutarse durante el segundo semeste del corriente a\u00f1o; entre los que se destacan: <em>\u201cDe Pueblo en Pueblo\u201d, Clave de Cuento, \u201cHacelo Corto\u201d, \u201cBr\u00fajula Cultural\u201d, \u201cHistorias de Poetas Santafesinos\u201d, \u00a0\u201cSalve Argentina\u201d, \u201cO\u00edd Mortales, \u201cCabildo Cultural Santafesino\u201d, Premio \u201cJulio Migno\u201d<\/em> entre otras puntos abordados.<\/p>\n<p>Del encuentro participaron<em>\u00a0los Secretarios y referentes culturales de: San Guillermo, Arruf\u00f3, Ambrosetti, Villa Trinidad, Monte Oscuridad y Suardi.<\/em><\/p>\n<p><strong>Ernesto Paul\u00f3n<\/strong> manifest\u00f3 su alegr\u00eda por el funcionamiento de dicha regi\u00f3n cultural y anunci\u00f3 que la Usina V seguir\u00e1 aportando mayores logros en benefici\u00f3 de la regionalizaci\u00f3n cultural en toda Santa Fe. Estamos disfrutando de una semana con muchas concreciones culturales y de integraci\u00f3n, en todo el territorio provincial.<\/p>\n<p>&nbsp;<\/p>\n","protected":false},"excerpt":{"rendered":"<p>Se llev\u00f3 a cabo en la localidad de San Guillermo\u00a0en el SUM\u00a0Comunal, durante el \u00faltimo lunes 22 [&hellip;]<\/p>\n","protected":false},"author":3,"featured_media":2779,"comment_status":"open","ping_status":"open","sticky":false,"template":"","format":"standard","meta":{"_jetpack_memberships_contains_paid_content":false,"footnotes":"","jetpack_publicize_message":"","jetpack_publicize_feature_enabled":true,"jetpack_social_post_already_shared":true,"jetpack_social_options":{"image_generator_settings":{"template":"highway","enabled":false}}},"categories":[6,10],"tags":[],"jetpack_publicize_connections":[],"jetpack_featured_media_url":"http:\/\/enteculturalsantafesino.com.ar\/usina5\/wp-content\/uploads\/2016\/08\/14102738_1745498442396890_5837220196986377224_n.jpg","jetpack_sharing_enabled":true,"_links":{"self":[{"href":"http:\/\/enteculturalsantafesino.com.ar\/usina5\/wp-json\/wp\/v2\/posts\/2778"}],"collection":[{"href":"http:\/\/enteculturalsantafesino.com.ar\/usina5\/wp-json\/wp\/v2\/posts"}],"about":[{"href":"http:\/\/enteculturalsantafesino.com.ar\/usina5\/wp-json\/wp\/v2\/types\/post"}],"author":[{"embeddable":true,"href":"http:\/\/enteculturalsantafesino.com.ar\/usina5\/wp-json\/wp\/v2\/users\/3"}],"replies":[{"embeddable":true,"href":"http:\/\/enteculturalsantafesino.com.ar\/usina5\/wp-json\/wp\/v2\/comments?post=2778"}],"version-history":[{"count":0,"href":"http:\/\/enteculturalsantafesino.com.ar\/usina5\/wp-json\/wp\/v2\/posts\/2778\/revisions"}],"wp:featuredmedia":[{"embeddable":true,"href":"http:\/\/enteculturalsantafesino.com.ar\/usina5\/wp-json\/wp\/v2\/media\/2779"}],"wp:attachment":[{"href":"http:\/\/enteculturalsantafesino.com.ar\/usina5\/wp-json\/wp\/v2\/media?parent=2778"}],"wp:term":[{"taxonomy":"category","embeddable":true,"href":"http:\/\/enteculturalsantafesino.com.ar\/usina5\/wp-json\/wp\/v2\/categories?post=2778"},{"taxonomy":"post_tag","embeddable":true,"href":"http:\/\/enteculturalsantafesino.com.ar\/usina5\/wp-json\/wp\/v2\/tags?post=2778"}],"curies":[{"name":"wp","href":"https:\/\/api.w.org\/{rel}","templated":true}]}}