{"id":2827,"date":"2016-09-28T11:00:25","date_gmt":"2016-09-28T11:00:25","guid":{"rendered":"http:\/\/entecultura.com.ar\/usina5\/?p=2827"},"modified":"2016-09-28T11:01:55","modified_gmt":"2016-09-28T11:01:55","slug":"san-cristobal-disfruto-de-la-obra-el-delirio-y-lluvia","status":"publish","type":"post","link":"http:\/\/enteculturalsantafesino.com.ar\/usina5\/2016\/09\/san-cristobal-disfruto-de-la-obra-el-delirio-y-lluvia\/","title":{"rendered":"San Crist\u00f3bal disfrut\u00f3 de la obra \u00abEl Delirio y lluvia\u00bb"},"content":{"rendered":"<div class=\"elements-box mt-20\">\n\n\t\t<style type=\"text\/css\">\n\t\t\t#gallery-1 {\n\t\t\t\tmargin: auto;\n\t\t\t}\n\t\t\t#gallery-1 .gallery-item {\n\t\t\t\tfloat: left;\n\t\t\t\tmargin-top: 10px;\n\t\t\t\ttext-align: center;\n\t\t\t\twidth: 25%;\n\t\t\t}\n\t\t\t#gallery-1 img {\n\t\t\t\tborder: 2px solid #cfcfcf;\n\t\t\t}\n\t\t\t#gallery-1 .gallery-caption {\n\t\t\t\tmargin-left: 0;\n\t\t\t}\n\t\t\t\/* see gallery_shortcode() in wp-includes\/media.php *\/\n\t\t<\/style>\n\t\t<div id='gallery-1' class='gallery galleryid-2827 gallery-columns-4 gallery-size-thumbnail'><dl class='gallery-item'>\n\t\t\t<dt class='gallery-icon landscape'>\n\t\t\t\t<a href='http:\/\/enteculturalsantafesino.com.ar\/usina5\/2016\/09\/san-cristobal-disfruto-de-la-obra-el-delirio-y-lluvia\/14433116_1761825980764136_6416594942767909810_n\/'><img loading=\"lazy\" decoding=\"async\" width=\"150\" height=\"150\" src=\"http:\/\/enteculturalsantafesino.com.ar\/usina5\/wp-content\/uploads\/2016\/09\/14433116_1761825980764136_6416594942767909810_n-150x150.jpg\" class=\"attachment-thumbnail size-thumbnail\" alt=\"\" srcset=\"http:\/\/enteculturalsantafesino.com.ar\/usina5\/wp-content\/uploads\/2016\/09\/14433116_1761825980764136_6416594942767909810_n-150x150.jpg 150w, http:\/\/enteculturalsantafesino.com.ar\/usina5\/wp-content\/uploads\/2016\/09\/14433116_1761825980764136_6416594942767909810_n-53x53.jpg 53w\" sizes=\"(max-width: 150px) 100vw, 150px\" \/><\/a>\n\t\t\t<\/dt><\/dl><dl class='gallery-item'>\n\t\t\t<dt class='gallery-icon landscape'>\n\t\t\t\t<a href='http:\/\/enteculturalsantafesino.com.ar\/usina5\/2016\/09\/san-cristobal-disfruto-de-la-obra-el-delirio-y-lluvia\/14457454_1761829714097096_355204320617297160_n\/'><img loading=\"lazy\" decoding=\"async\" width=\"150\" height=\"150\" src=\"http:\/\/enteculturalsantafesino.com.ar\/usina5\/wp-content\/uploads\/2016\/09\/14457454_1761829714097096_355204320617297160_n-150x150.jpg\" class=\"attachment-thumbnail size-thumbnail\" alt=\"\" srcset=\"http:\/\/enteculturalsantafesino.com.ar\/usina5\/wp-content\/uploads\/2016\/09\/14457454_1761829714097096_355204320617297160_n-150x150.jpg 150w, http:\/\/enteculturalsantafesino.com.ar\/usina5\/wp-content\/uploads\/2016\/09\/14457454_1761829714097096_355204320617297160_n-53x53.jpg 53w\" sizes=\"(max-width: 150px) 100vw, 150px\" \/><\/a>\n\t\t\t<\/dt><\/dl><dl class='gallery-item'>\n\t\t\t<dt class='gallery-icon landscape'>\n\t\t\t\t<a href='http:\/\/enteculturalsantafesino.com.ar\/usina5\/2016\/09\/san-cristobal-disfruto-de-la-obra-el-delirio-y-lluvia\/14470385_10207427479189284_4971006765089140804_n\/'><img loading=\"lazy\" decoding=\"async\" width=\"150\" height=\"150\" src=\"http:\/\/enteculturalsantafesino.com.ar\/usina5\/wp-content\/uploads\/2016\/09\/14470385_10207427479189284_4971006765089140804_n-150x150.jpg\" class=\"attachment-thumbnail size-thumbnail\" alt=\"\" srcset=\"http:\/\/enteculturalsantafesino.com.ar\/usina5\/wp-content\/uploads\/2016\/09\/14470385_10207427479189284_4971006765089140804_n-150x150.jpg 150w, http:\/\/enteculturalsantafesino.com.ar\/usina5\/wp-content\/uploads\/2016\/09\/14470385_10207427479189284_4971006765089140804_n-53x53.jpg 53w\" sizes=\"(max-width: 150px) 100vw, 150px\" \/><\/a>\n\t\t\t<\/dt><\/dl><dl class='gallery-item'>\n\t\t\t<dt class='gallery-icon landscape'>\n\t\t\t\t<a href='http:\/\/enteculturalsantafesino.com.ar\/usina5\/2016\/09\/san-cristobal-disfruto-de-la-obra-el-delirio-y-lluvia\/14519875_1761831440763590_2128482501511354459_n\/'><img loading=\"lazy\" decoding=\"async\" width=\"150\" height=\"150\" src=\"http:\/\/enteculturalsantafesino.com.ar\/usina5\/wp-content\/uploads\/2016\/09\/14519875_1761831440763590_2128482501511354459_n-150x150.jpg\" class=\"attachment-thumbnail size-thumbnail\" alt=\"\" srcset=\"http:\/\/enteculturalsantafesino.com.ar\/usina5\/wp-content\/uploads\/2016\/09\/14519875_1761831440763590_2128482501511354459_n-150x150.jpg 150w, http:\/\/enteculturalsantafesino.com.ar\/usina5\/wp-content\/uploads\/2016\/09\/14519875_1761831440763590_2128482501511354459_n-53x53.jpg 53w\" sizes=\"(max-width: 150px) 100vw, 150px\" \/><\/a>\n\t\t\t<\/dt><\/dl><br style=\"clear: both\" \/>\n\t\t<\/div>\n\n<p>En la\u00a0noche del <strong>martes 27<\/strong> de\u00a0en la <strong>Biblioteca Popular San Martin\u00a0<\/strong>en un marco colmado de emociones, calidad, calidez, talento e historia,\u00a0vecinos de la ciudad de San Cristobal,\u00a0disfrutaron del actor\u00a0<strong>Diego Bollero<\/strong>\u00a0quien interpret\u00f3\u00a0<strong>\u201cEl delirio y la lluvia\u201d<\/strong>, obra escrita y dirigida por el rosarino\u00a0<strong>Carlos Romagnoli<\/strong>.<\/p>\n<p>Dicha actividad fue\u00a0promovida por el\u00a0<a href=\"http:\/\/www.enteculturalsantafesino.com.ar\/\">Ente Cultural Santafesino<\/a>; recorriendo las comunidades de:\u00a0<em>Pilar, San Crist\u00f3bal, San Guillermo, Villa Trinidad, Arruf\u00f3 y Villa Trinidad.<\/em><\/p>\n<p>La velada teatral cont\u00f3 con la presencia del <em>Director de la Usina V Ernesto \u00abPipi\u00bb Paul\u00f3n, del referente cultural local del ECS Cristian Barbini, El\u00a0Presidente\u00a0de la Biblioteca Alejandro Garc\u00eda yl os concejales: Carolina Morel, Julian Alloati y Ricardo Gallo.<\/em><\/p>\n<p><em>La obra fue declarada de inter\u00e9s cultural por el Honorable Concejo Deliberante.<\/em><\/p>\n<p>La historia honra con hidalgu\u00eda a uno de los pr\u00f3ceres de mayo ejemplo de humildad, disciplina, austeridad, que muri\u00f3 en la pobreza y cuya muerte \u00a0pas\u00f3 inadvertida para pos de su tiempo: Manuel Belgrano.<\/p>\n<p>La tramas en \u201cEl delirio y la lluvia\u201d, parte de la historia de Belgrano contada a partir de tres mujeres: Mar\u00eda Josefa Azcurra y Dolores Helguero, madres de sus hijos y Juana su hermana menor, quien lo cuid\u00f3 hasta su \u00faltimo d\u00eda; a \u00a0partir de la po\u00e9tica decisi\u00f3n de que el tiempo y el lugar era la muerte y su terreno mutable, desconocido, comenzando la historia a partir de la muerte de Belgrano.<\/p>\n<p>Los objetivos planteados en esta nueva propuesta esc\u00e9nica, pretenden generar en el espectador el debate acerca de lo que implica ser una Naci\u00f3n al estilo de la que planteaba Belgrano: \u00a0un pa\u00eds libre, soberano en sus decisiones\u201d, un pa\u00eds al que no pudo ver y que lo conden\u00f3 en su momento a la m\u00e1s absoluta miseria.<\/p>\n<p>El p\u00fablico premi\u00f3 al dramaturgo y al actor con un emocionado y merecido aplauso, y aunque la obra fue ideada \u00a0hace\u00a0tiempo, sin pensar en el Bicentenario, lo cierto es que propuestas\u00a0como \u00e9stas hacen que \u00a0fluyan en emociones y encuentros con su identidad por donde circulan valores y obliguen a revisar el sentido actual de la vida colectiva de los argentinos.<\/p>\n<\/div>\n<div class=\"wp-link-pages clearfix mt-20\">\n<p>LAS FUNCIONES SER\u00c1N EN:<\/p>\n<p><strong>PILAR:<\/strong> LUNES 26 -11HS \u2013 SOCIEDAD ITALO ARGENTINO<\/p>\n<p><strong>SAN CRIST\u00d3BAL:<\/strong> MARTES 27- 20:30HS \u2013 BIBLIOTECA POPULAR SAN MARTIN<\/p>\n<p>SAN GUILLERMO: MI\u00c9RCOLES 28 \u2013 9HS \u2013 SAL\u00d3N CULTURAL COMUNAL<\/p>\n<p><strong>VILLA TRINIDAD:<\/strong> JUEVES 29 \u2013 10HS \u2013 SEDE CLUB LIBERTAD TRINIDAD<\/p>\n<p><strong>ARRUF\u00d3:<\/strong> JUEVES 29 \u2013 16HS \u2013 POLIDEPORTIVO DE LA EESO N\u00b0 245<\/p>\n<p><strong>HERSILIA:<\/strong> VIERNES 30 EEM N\u00b0255<\/p>\n<\/div>\n","protected":false},"excerpt":{"rendered":"<p>En la\u00a0noche del martes 27 de\u00a0en la Biblioteca Popular San Martin\u00a0en un marco colmado de emociones, calidad, [&hellip;]<\/p>\n","protected":false},"author":3,"featured_media":2831,"comment_status":"open","ping_status":"open","sticky":false,"template":"","format":"standard","meta":{"_jetpack_memberships_contains_paid_content":false,"footnotes":"","jetpack_publicize_message":"","jetpack_publicize_feature_enabled":true,"jetpack_social_post_already_shared":true,"jetpack_social_options":{"image_generator_settings":{"template":"highway","enabled":false}}},"categories":[6,12],"tags":[],"jetpack_publicize_connections":[],"jetpack_featured_media_url":"http:\/\/enteculturalsantafesino.com.ar\/usina5\/wp-content\/uploads\/2016\/09\/14485134_1761824737430927_3995311649540037373_n.jpg","jetpack_sharing_enabled":true,"_links":{"self":[{"href":"http:\/\/enteculturalsantafesino.com.ar\/usina5\/wp-json\/wp\/v2\/posts\/2827"}],"collection":[{"href":"http:\/\/enteculturalsantafesino.com.ar\/usina5\/wp-json\/wp\/v2\/posts"}],"about":[{"href":"http:\/\/enteculturalsantafesino.com.ar\/usina5\/wp-json\/wp\/v2\/types\/post"}],"author":[{"embeddable":true,"href":"http:\/\/enteculturalsantafesino.com.ar\/usina5\/wp-json\/wp\/v2\/users\/3"}],"replies":[{"embeddable":true,"href":"http:\/\/enteculturalsantafesino.com.ar\/usina5\/wp-json\/wp\/v2\/comments?post=2827"}],"version-history":[{"count":0,"href":"http:\/\/enteculturalsantafesino.com.ar\/usina5\/wp-json\/wp\/v2\/posts\/2827\/revisions"}],"wp:featuredmedia":[{"embeddable":true,"href":"http:\/\/enteculturalsantafesino.com.ar\/usina5\/wp-json\/wp\/v2\/media\/2831"}],"wp:attachment":[{"href":"http:\/\/enteculturalsantafesino.com.ar\/usina5\/wp-json\/wp\/v2\/media?parent=2827"}],"wp:term":[{"taxonomy":"category","embeddable":true,"href":"http:\/\/enteculturalsantafesino.com.ar\/usina5\/wp-json\/wp\/v2\/categories?post=2827"},{"taxonomy":"post_tag","embeddable":true,"href":"http:\/\/enteculturalsantafesino.com.ar\/usina5\/wp-json\/wp\/v2\/tags?post=2827"}],"curies":[{"name":"wp","href":"https:\/\/api.w.org\/{rel}","templated":true}]}}