{"id":2849,"date":"2016-10-01T19:04:52","date_gmt":"2016-10-01T19:04:52","guid":{"rendered":"http:\/\/entecultura.com.ar\/usina5\/?p=2849"},"modified":"2016-10-01T19:04:52","modified_gmt":"2016-10-01T19:04:52","slug":"el-delirio-y-la-lluvia-se-presento-en-la-comunidad-de-arrufo","status":"publish","type":"post","link":"http:\/\/enteculturalsantafesino.com.ar\/usina5\/2016\/10\/el-delirio-y-la-lluvia-se-presento-en-la-comunidad-de-arrufo\/","title":{"rendered":"\u00abEl Delirio y la Lluvia\u00bb se present\u00f3 en la comunidad de Arruf\u00f3"},"content":{"rendered":"\n\t\t<style type=\"text\/css\">\n\t\t\t#gallery-1 {\n\t\t\t\tmargin: auto;\n\t\t\t}\n\t\t\t#gallery-1 .gallery-item {\n\t\t\t\tfloat: left;\n\t\t\t\tmargin-top: 10px;\n\t\t\t\ttext-align: center;\n\t\t\t\twidth: 33%;\n\t\t\t}\n\t\t\t#gallery-1 img {\n\t\t\t\tborder: 2px solid #cfcfcf;\n\t\t\t}\n\t\t\t#gallery-1 .gallery-caption {\n\t\t\t\tmargin-left: 0;\n\t\t\t}\n\t\t\t\/* see gallery_shortcode() in wp-includes\/media.php *\/\n\t\t<\/style>\n\t\t<div id='gallery-1' class='gallery galleryid-2849 gallery-columns-3 gallery-size-thumbnail'><dl class='gallery-item'>\n\t\t\t<dt class='gallery-icon landscape'>\n\t\t\t\t<a href='http:\/\/enteculturalsantafesino.com.ar\/usina5\/2016\/10\/el-delirio-y-la-lluvia-se-presento-en-la-comunidad-de-arrufo\/14463212_1762738650672869_7025933893049928358_n\/'><img loading=\"lazy\" decoding=\"async\" width=\"150\" height=\"150\" src=\"http:\/\/enteculturalsantafesino.com.ar\/usina5\/wp-content\/uploads\/2016\/10\/14463212_1762738650672869_7025933893049928358_n-150x150.jpg\" class=\"attachment-thumbnail size-thumbnail\" alt=\"\" srcset=\"http:\/\/enteculturalsantafesino.com.ar\/usina5\/wp-content\/uploads\/2016\/10\/14463212_1762738650672869_7025933893049928358_n-150x150.jpg 150w, http:\/\/enteculturalsantafesino.com.ar\/usina5\/wp-content\/uploads\/2016\/10\/14463212_1762738650672869_7025933893049928358_n-53x53.jpg 53w\" sizes=\"(max-width: 150px) 100vw, 150px\" \/><\/a>\n\t\t\t<\/dt><\/dl><dl class='gallery-item'>\n\t\t\t<dt class='gallery-icon landscape'>\n\t\t\t\t<a href='http:\/\/enteculturalsantafesino.com.ar\/usina5\/2016\/10\/el-delirio-y-la-lluvia-se-presento-en-la-comunidad-de-arrufo\/14494751_1762738257339575_1477430249375642326_n\/'><img loading=\"lazy\" decoding=\"async\" width=\"150\" height=\"150\" src=\"http:\/\/enteculturalsantafesino.com.ar\/usina5\/wp-content\/uploads\/2016\/10\/14494751_1762738257339575_1477430249375642326_n-150x150.jpg\" class=\"attachment-thumbnail size-thumbnail\" alt=\"\" srcset=\"http:\/\/enteculturalsantafesino.com.ar\/usina5\/wp-content\/uploads\/2016\/10\/14494751_1762738257339575_1477430249375642326_n-150x150.jpg 150w, http:\/\/enteculturalsantafesino.com.ar\/usina5\/wp-content\/uploads\/2016\/10\/14494751_1762738257339575_1477430249375642326_n-53x53.jpg 53w\" sizes=\"(max-width: 150px) 100vw, 150px\" \/><\/a>\n\t\t\t<\/dt><\/dl><dl class='gallery-item'>\n\t\t\t<dt class='gallery-icon landscape'>\n\t\t\t\t<a href='http:\/\/enteculturalsantafesino.com.ar\/usina5\/2016\/10\/el-delirio-y-la-lluvia-se-presento-en-la-comunidad-de-arrufo\/14523021_1762739227339478_6279040950456706617_n\/'><img loading=\"lazy\" decoding=\"async\" width=\"150\" height=\"150\" src=\"http:\/\/enteculturalsantafesino.com.ar\/usina5\/wp-content\/uploads\/2016\/10\/14523021_1762739227339478_6279040950456706617_n-150x150.jpg\" class=\"attachment-thumbnail size-thumbnail\" alt=\"\" srcset=\"http:\/\/enteculturalsantafesino.com.ar\/usina5\/wp-content\/uploads\/2016\/10\/14523021_1762739227339478_6279040950456706617_n-150x150.jpg 150w, http:\/\/enteculturalsantafesino.com.ar\/usina5\/wp-content\/uploads\/2016\/10\/14523021_1762739227339478_6279040950456706617_n-53x53.jpg 53w\" sizes=\"(max-width: 150px) 100vw, 150px\" \/><\/a>\n\t\t\t<\/dt><\/dl><br style=\"clear: both\" \/>\n\t\t<\/div>\n\n<p>El \u00faltimo <strong>jueves 29<\/strong> a las <strong>16hs<\/strong> en el <strong>Polideportivo de la<\/strong><strong>\u00a0EESO N\u00b0 245<\/strong>\u00a0el <strong>Presidente de la Comisi\u00f3n Cultural Comunal de Arruf\u00f3, Prof. Walter Martinuzzi, <\/strong>el<strong>\u00a0Director\u00a0de la Usina V Ernesto Paul\u00f3n, integrantes de la Comisi\u00f3n de Cultura,\u00a0<\/strong>\u00a0junto a alumnos, docentes \u00a0y vecinos de la comunidad perteneciente al Depto San Crist\u00f3bal disfrutaron\u00a0del actor\u00a0<strong>Diego Bollero<\/strong>\u00a0quien interpret\u00f3\u00a0<strong>\u201cEl delirio y la lluvia\u201d<\/strong>, obra escrita y dirigida por el rosarino\u00a0<strong>Carlos Romagnoli,<\/strong> la cual ya recorri\u00f3 m\u00e1s de 40 localidades del interior santafesino.<\/p>\n<p>Dicha actividad fue\u00a0promovida por el\u00a0<a href=\"http:\/\/www.enteculturalsantafesino.com.ar\/\">Ente Cultural Santafesino<\/a>; recorriendo las comunidades de:\u00a0<em>Pilar, San Crist\u00f3bal, San Guillermo, Villa Trinidad, Arruf\u00f3 y Villa Trinidad.<\/em><\/p>\n<p>La historia honra con hidalgu\u00eda a uno de los pr\u00f3ceres de mayo ejemplo de humildad, disciplina, austeridad, que muri\u00f3 en la pobreza y cuya muerte \u00a0pas\u00f3 inadvertida para pos de su tiempo: Manuel Belgrano.<\/p>\n<p>La tramas en \u201cEl delirio y la lluvia\u201d, parte de la historia de Belgrano contada a partir de tres mujeres: Mar\u00eda Josefa Azcurra y Dolores Helguero, madres de sus hijos y Juana su hermana menor, quien lo cuid\u00f3 hasta su \u00faltimo d\u00eda; a \u00a0partir de la po\u00e9tica decisi\u00f3n de que el tiempo y el lugar era la muerte y su terreno mutable, desconocido, comenzando la historia a partir de la muerte de Belgrano.<\/p>\n<p>Los objetivos planteados en esta nueva propuesta esc\u00e9nica, pretenden generar en el espectador el debate acerca de lo que implica ser una Naci\u00f3n al estilo de la que planteaba Belgrano: \u00a0un pa\u00eds libre, soberano en sus decisiones\u201d, un pa\u00eds al que no pudo ver y que lo conden\u00f3 en su momento a la m\u00e1s absoluta miseria.<\/p>\n<p>El p\u00fablico premi\u00f3 al dramaturgo y al actor con un emocionado y merecido aplauso, y aunque la obra fue ideada \u00a0hace\u00a0tiempo, sin pensar en el Bicentenario, lo cierto es que propuestas\u00a0como \u00e9stas hacen que \u00a0fluyan en emociones y encuentros con su identidad por donde circulan valores y obliguen a revisar el sentido actual de la vida colectiva de los argentinos.<\/p>\n","protected":false},"excerpt":{"rendered":"<p>El \u00faltimo jueves 29 a las 16hs en el Polideportivo de la\u00a0EESO N\u00b0 245\u00a0el Presidente de la [&hellip;]<\/p>\n","protected":false},"author":3,"featured_media":2851,"comment_status":"open","ping_status":"open","sticky":false,"template":"","format":"standard","meta":{"_jetpack_memberships_contains_paid_content":false,"footnotes":"","jetpack_publicize_message":"","jetpack_publicize_feature_enabled":true,"jetpack_social_post_already_shared":true,"jetpack_social_options":{"image_generator_settings":{"template":"highway","enabled":false}}},"categories":[4,6],"tags":[],"jetpack_publicize_connections":[],"jetpack_featured_media_url":"http:\/\/enteculturalsantafesino.com.ar\/usina5\/wp-content\/uploads\/2016\/10\/14494751_1762738257339575_1477430249375642326_n.jpg","jetpack_sharing_enabled":true,"_links":{"self":[{"href":"http:\/\/enteculturalsantafesino.com.ar\/usina5\/wp-json\/wp\/v2\/posts\/2849"}],"collection":[{"href":"http:\/\/enteculturalsantafesino.com.ar\/usina5\/wp-json\/wp\/v2\/posts"}],"about":[{"href":"http:\/\/enteculturalsantafesino.com.ar\/usina5\/wp-json\/wp\/v2\/types\/post"}],"author":[{"embeddable":true,"href":"http:\/\/enteculturalsantafesino.com.ar\/usina5\/wp-json\/wp\/v2\/users\/3"}],"replies":[{"embeddable":true,"href":"http:\/\/enteculturalsantafesino.com.ar\/usina5\/wp-json\/wp\/v2\/comments?post=2849"}],"version-history":[{"count":0,"href":"http:\/\/enteculturalsantafesino.com.ar\/usina5\/wp-json\/wp\/v2\/posts\/2849\/revisions"}],"wp:featuredmedia":[{"embeddable":true,"href":"http:\/\/enteculturalsantafesino.com.ar\/usina5\/wp-json\/wp\/v2\/media\/2851"}],"wp:attachment":[{"href":"http:\/\/enteculturalsantafesino.com.ar\/usina5\/wp-json\/wp\/v2\/media?parent=2849"}],"wp:term":[{"taxonomy":"category","embeddable":true,"href":"http:\/\/enteculturalsantafesino.com.ar\/usina5\/wp-json\/wp\/v2\/categories?post=2849"},{"taxonomy":"post_tag","embeddable":true,"href":"http:\/\/enteculturalsantafesino.com.ar\/usina5\/wp-json\/wp\/v2\/tags?post=2849"}],"curies":[{"name":"wp","href":"https:\/\/api.w.org\/{rel}","templated":true}]}}