{"id":2880,"date":"2016-10-25T10:13:22","date_gmt":"2016-10-25T10:13:22","guid":{"rendered":"http:\/\/entecultura.com.ar\/usina5\/?p=2880"},"modified":"2016-10-25T10:13:22","modified_gmt":"2016-10-25T10:13:22","slug":"se-presento-el-taller-comunal-de-teatro-de-villa-trinidad","status":"publish","type":"post","link":"http:\/\/enteculturalsantafesino.com.ar\/usina5\/2016\/10\/se-presento-el-taller-comunal-de-teatro-de-villa-trinidad\/","title":{"rendered":"Se presento el Taller Comunal de Teatro de Villa Trinidad"},"content":{"rendered":"<p>Se present\u00f3 la obra del <strong>Taller Comunal de Teatro de Investigaci\u00f3n Grupo Camaratis Villa Trinidad<\/strong> , <em><strong>\u00abSin confesi\u00f3n no hay perd\u00f3n\u00bb<\/strong> <\/em><\/p>\n<p>Con varios actores en escena <span class=\"text_exposed_show\">y bajo la direcci\u00f3n de Silvana Romero se produjo un excelente espect\u00e1culo. en la noche del domingo 23 de octubre. El grupo cosech\u00f3 muchos aplausos con esta obra en un marco importante de p\u00fablico.<\/span><\/p>\n<p><span class=\"text_exposed_show\">Los actores fueron <em>Jos\u00e9 Alonso, Valentina Vicentin, Alicia Abratte, Micaela Furrer,, Mirta Rassetto, <a class=\"profileLink\" href=\"https:\/\/www.facebook.com\/marta.cappellini.3\" data-hovercard=\"\/ajax\/hovercard\/user.php?id=100003214395919\">Marta Cappellini<\/a>, Ricardo Serpentino, Angelina Metternich, Agustina Berteror, Mauro Godino, Imelda Airaldo, Beatriz Arias, Mario Carnevale, Estela Monti y Jos\u00e9 Depetris.<\/em><\/span><\/p>\n","protected":false},"excerpt":{"rendered":"<p>Se present\u00f3 la obra del Taller Comunal de Teatro de Investigaci\u00f3n Grupo Camaratis Villa Trinidad , \u00abSin [&hellip;]<\/p>\n","protected":false},"author":3,"featured_media":2881,"comment_status":"open","ping_status":"open","sticky":false,"template":"","format":"standard","meta":{"_jetpack_memberships_contains_paid_content":false,"footnotes":"","jetpack_publicize_message":"","jetpack_publicize_feature_enabled":true,"jetpack_social_post_already_shared":true,"jetpack_social_options":{"image_generator_settings":{"template":"highway","enabled":false}}},"categories":[5],"tags":[],"jetpack_publicize_connections":[],"jetpack_featured_media_url":"http:\/\/enteculturalsantafesino.com.ar\/usina5\/wp-content\/uploads\/2016\/10\/14670760_1680996622214255_5258708648803014739_n.jpg","jetpack_sharing_enabled":true,"_links":{"self":[{"href":"http:\/\/enteculturalsantafesino.com.ar\/usina5\/wp-json\/wp\/v2\/posts\/2880"}],"collection":[{"href":"http:\/\/enteculturalsantafesino.com.ar\/usina5\/wp-json\/wp\/v2\/posts"}],"about":[{"href":"http:\/\/enteculturalsantafesino.com.ar\/usina5\/wp-json\/wp\/v2\/types\/post"}],"author":[{"embeddable":true,"href":"http:\/\/enteculturalsantafesino.com.ar\/usina5\/wp-json\/wp\/v2\/users\/3"}],"replies":[{"embeddable":true,"href":"http:\/\/enteculturalsantafesino.com.ar\/usina5\/wp-json\/wp\/v2\/comments?post=2880"}],"version-history":[{"count":1,"href":"http:\/\/enteculturalsantafesino.com.ar\/usina5\/wp-json\/wp\/v2\/posts\/2880\/revisions"}],"predecessor-version":[{"id":2882,"href":"http:\/\/enteculturalsantafesino.com.ar\/usina5\/wp-json\/wp\/v2\/posts\/2880\/revisions\/2882"}],"wp:featuredmedia":[{"embeddable":true,"href":"http:\/\/enteculturalsantafesino.com.ar\/usina5\/wp-json\/wp\/v2\/media\/2881"}],"wp:attachment":[{"href":"http:\/\/enteculturalsantafesino.com.ar\/usina5\/wp-json\/wp\/v2\/media?parent=2880"}],"wp:term":[{"taxonomy":"category","embeddable":true,"href":"http:\/\/enteculturalsantafesino.com.ar\/usina5\/wp-json\/wp\/v2\/categories?post=2880"},{"taxonomy":"post_tag","embeddable":true,"href":"http:\/\/enteculturalsantafesino.com.ar\/usina5\/wp-json\/wp\/v2\/tags?post=2880"}],"curies":[{"name":"wp","href":"https:\/\/api.w.org\/{rel}","templated":true}]}}