{"id":2883,"date":"2016-10-25T10:15:29","date_gmt":"2016-10-25T10:15:29","guid":{"rendered":"http:\/\/entecultura.com.ar\/usina5\/?p=2883"},"modified":"2016-10-25T10:15:29","modified_gmt":"2016-10-25T10:15:29","slug":"villa-trinidad-se-presento-el-libro-la-argentina-que-no-se-mira","status":"publish","type":"post","link":"http:\/\/enteculturalsantafesino.com.ar\/usina5\/2016\/10\/villa-trinidad-se-presento-el-libro-la-argentina-que-no-se-mira\/","title":{"rendered":"Villa Trinidad: Se present\u00f3 el libro \u00abLa Argentina que no se mira\u00bb"},"content":{"rendered":"<p>La Secretar\u00eda de Cultura agradece la presencia de Santiago Barra y <a class=\"profileLink\" href=\"https:\/\/www.facebook.com\/miguelpeiretti\" data-hovercard=\"\/ajax\/hovercard\/user.php?id=1461347375\">Miguel Peiretti<\/a> que desde Morteros vinieron a presentar su libro <strong>\u00abLa Argentina que no se mira\u00bb<\/strong><span class=\"text_exposed_show\"><strong>.<\/strong> <\/span><\/p>\n<p><span class=\"text_exposed_show\">Emoci\u00f3n, an\u00e9cdotas y pasi\u00f3n por este espacio geogr\u00e1fico y su entorno cultural fue lo que nos trasmitieron durante toda la exposici\u00f3n.<\/span><\/p>\n<div class=\"text_exposed_show\">\n<p>Agradecemos tambi\u00e9n a la <a class=\"profileLink\" href=\"https:\/\/www.facebook.com\/profile.php?id=100010486537612\" data-hovercard=\"\/ajax\/hovercard\/user.php?id=100010486537612\">Biblioteca Alas<\/a> por su participaci\u00f3n en la organizaci\u00f3n de esta presentaci\u00f3n tan significativa para nuestra zona.<\/p>\n<p>La MUESTRA \u00abLAS LAGUNAS, LOS BA\u00d1ADOS, EL RIO DULCE,SU GENTE Y SU CULTURA \u00bb estar\u00e1 en exposici\u00f3n en el SUM la semana que empieza desde el lunes 24 al viernes 28 de 8 hs. a 12 hs.<\/p>\n<\/div>\n","protected":false},"excerpt":{"rendered":"<p>La Secretar\u00eda de Cultura agradece la presencia de Santiago Barra y Miguel Peiretti que desde Morteros vinieron [&hellip;]<\/p>\n","protected":false},"author":3,"featured_media":2884,"comment_status":"open","ping_status":"open","sticky":false,"template":"","format":"standard","meta":{"_jetpack_memberships_contains_paid_content":false,"footnotes":"","jetpack_publicize_message":"","jetpack_publicize_feature_enabled":true,"jetpack_social_post_already_shared":true,"jetpack_social_options":{"image_generator_settings":{"template":"highway","enabled":false}}},"categories":[5],"tags":[],"jetpack_publicize_connections":[],"jetpack_featured_media_url":"http:\/\/enteculturalsantafesino.com.ar\/usina5\/wp-content\/uploads\/2016\/10\/14731371_1680452292268688_369083268294037404_n.jpg","jetpack_sharing_enabled":true,"_links":{"self":[{"href":"http:\/\/enteculturalsantafesino.com.ar\/usina5\/wp-json\/wp\/v2\/posts\/2883"}],"collection":[{"href":"http:\/\/enteculturalsantafesino.com.ar\/usina5\/wp-json\/wp\/v2\/posts"}],"about":[{"href":"http:\/\/enteculturalsantafesino.com.ar\/usina5\/wp-json\/wp\/v2\/types\/post"}],"author":[{"embeddable":true,"href":"http:\/\/enteculturalsantafesino.com.ar\/usina5\/wp-json\/wp\/v2\/users\/3"}],"replies":[{"embeddable":true,"href":"http:\/\/enteculturalsantafesino.com.ar\/usina5\/wp-json\/wp\/v2\/comments?post=2883"}],"version-history":[{"count":1,"href":"http:\/\/enteculturalsantafesino.com.ar\/usina5\/wp-json\/wp\/v2\/posts\/2883\/revisions"}],"predecessor-version":[{"id":2885,"href":"http:\/\/enteculturalsantafesino.com.ar\/usina5\/wp-json\/wp\/v2\/posts\/2883\/revisions\/2885"}],"wp:featuredmedia":[{"embeddable":true,"href":"http:\/\/enteculturalsantafesino.com.ar\/usina5\/wp-json\/wp\/v2\/media\/2884"}],"wp:attachment":[{"href":"http:\/\/enteculturalsantafesino.com.ar\/usina5\/wp-json\/wp\/v2\/media?parent=2883"}],"wp:term":[{"taxonomy":"category","embeddable":true,"href":"http:\/\/enteculturalsantafesino.com.ar\/usina5\/wp-json\/wp\/v2\/categories?post=2883"},{"taxonomy":"post_tag","embeddable":true,"href":"http:\/\/enteculturalsantafesino.com.ar\/usina5\/wp-json\/wp\/v2\/tags?post=2883"}],"curies":[{"name":"wp","href":"https:\/\/api.w.org\/{rel}","templated":true}]}}