{"id":2928,"date":"2017-01-12T19:20:56","date_gmt":"2017-01-12T19:20:56","guid":{"rendered":"http:\/\/entecultura.com.ar\/usina5\/?p=2928"},"modified":"2017-01-12T19:20:56","modified_gmt":"2017-01-12T19:20:56","slug":"llega-el-carnaval-a-arrufo-san-guillermo-y-suardi","status":"publish","type":"post","link":"http:\/\/enteculturalsantafesino.com.ar\/usina5\/2017\/01\/llega-el-carnaval-a-arrufo-san-guillermo-y-suardi\/","title":{"rendered":"Llega el Carnaval a Arruf\u00f3, San Guillermo y Suardi"},"content":{"rendered":"<blockquote><p>Arruf\u00f3, San Guillermo y Suardi ya confirmaron fechas para las carnavaler\u00edas 2017. Aqu\u00ed les brindamos los detalles:<\/p><\/blockquote>\n<p><strong>ARRUFO:<\/strong> \u00a0S\u00e1bado 21 de enero. La Comparsa MACUMBA presenta EGIPTO ANCESTRAL. Animaci\u00f3n a cargo de Mariano Acosta y DJ Jorge Guantay. Show musical con GRUPO CALI.<\/p>\n<p><strong>SAN GUILLERMO:<\/strong> \u00a0Dos noches en enero y una en febrero. Siempre con la COMPARSA SCOLA DO SAMBA UNION. Viernes 13 de Enero Se presenta LA BARRA en exclusiva. S\u00e1bado 21 de enero TORRENTE. S\u00e1bado 11 de Febrero: Grupo a confirmar<\/p>\n<p><strong>SUARDI:<\/strong> Viernes 27 y S\u00e1bado 28 de enero y \u00a0S\u00e1bado \u00a04 \u00a0de Febrero con la COMPARSA SAMAY YASI. \u00a0El Viernes 27 actuar\u00e1 LA FIESTA, el 28 \u00a0se presenta Torrente y el cierre ser\u00e1 el 4 de Febrero con LUCIO y su Banda.<\/p>\n","protected":false},"excerpt":{"rendered":"<p>Arruf\u00f3, San Guillermo y Suardi ya confirmaron fechas para las carnavaler\u00edas 2017. Aqu\u00ed les brindamos los detalles: [&hellip;]<\/p>\n","protected":false},"author":3,"featured_media":2929,"comment_status":"open","ping_status":"open","sticky":false,"template":"","format":"standard","meta":{"_jetpack_memberships_contains_paid_content":false,"footnotes":"","jetpack_publicize_message":"","jetpack_publicize_feature_enabled":true,"jetpack_social_post_already_shared":true,"jetpack_social_options":{"image_generator_settings":{"template":"highway","enabled":false}}},"categories":[4,10,2],"tags":[],"jetpack_publicize_connections":[],"jetpack_featured_media_url":"http:\/\/enteculturalsantafesino.com.ar\/usina5\/wp-content\/uploads\/2017\/01\/timthumb.jpg","jetpack_sharing_enabled":true,"_links":{"self":[{"href":"http:\/\/enteculturalsantafesino.com.ar\/usina5\/wp-json\/wp\/v2\/posts\/2928"}],"collection":[{"href":"http:\/\/enteculturalsantafesino.com.ar\/usina5\/wp-json\/wp\/v2\/posts"}],"about":[{"href":"http:\/\/enteculturalsantafesino.com.ar\/usina5\/wp-json\/wp\/v2\/types\/post"}],"author":[{"embeddable":true,"href":"http:\/\/enteculturalsantafesino.com.ar\/usina5\/wp-json\/wp\/v2\/users\/3"}],"replies":[{"embeddable":true,"href":"http:\/\/enteculturalsantafesino.com.ar\/usina5\/wp-json\/wp\/v2\/comments?post=2928"}],"version-history":[{"count":1,"href":"http:\/\/enteculturalsantafesino.com.ar\/usina5\/wp-json\/wp\/v2\/posts\/2928\/revisions"}],"predecessor-version":[{"id":2930,"href":"http:\/\/enteculturalsantafesino.com.ar\/usina5\/wp-json\/wp\/v2\/posts\/2928\/revisions\/2930"}],"wp:featuredmedia":[{"embeddable":true,"href":"http:\/\/enteculturalsantafesino.com.ar\/usina5\/wp-json\/wp\/v2\/media\/2929"}],"wp:attachment":[{"href":"http:\/\/enteculturalsantafesino.com.ar\/usina5\/wp-json\/wp\/v2\/media?parent=2928"}],"wp:term":[{"taxonomy":"category","embeddable":true,"href":"http:\/\/enteculturalsantafesino.com.ar\/usina5\/wp-json\/wp\/v2\/categories?post=2928"},{"taxonomy":"post_tag","embeddable":true,"href":"http:\/\/enteculturalsantafesino.com.ar\/usina5\/wp-json\/wp\/v2\/tags?post=2928"}],"curies":[{"name":"wp","href":"https:\/\/api.w.org\/{rel}","templated":true}]}}