{"id":2999,"date":"2017-03-16T16:51:20","date_gmt":"2017-03-16T16:51:20","guid":{"rendered":"http:\/\/enteculturalsantafesino.com.ar\/usina5\/?p=2999"},"modified":"2017-03-16T16:51:20","modified_gmt":"2017-03-16T16:51:20","slug":"muestra-de-autores-en-la-ciudad-de-suardi","status":"publish","type":"post","link":"http:\/\/enteculturalsantafesino.com.ar\/usina5\/2017\/03\/muestra-de-autores-en-la-ciudad-de-suardi\/","title":{"rendered":"Muestra de Autores en la ciudad de Suardi"},"content":{"rendered":"<p>&nbsp;<\/p>\n<p>Contin\u00faa la \u2018\u2019Muestra de Autores\u2019\u2019 en el Hall de Casa de Mareil\u00ed (Rivadavia 343). Dicha iniciativa tiene como finalidad que los Artistas de la localidad participen exponiendo sus trabajos.<\/p>\n<p>En este caso, la artista en mostrar sus obras al p\u00fablico general es la Sra. Susana Soldano. Ella presenta algunos de sus m\u00e1s destacados trabajos, realizados con las t\u00e9cnicas de Pincel y Acr\u00edlico, aunque admite que \u00faltimamente le gusta mucho trabajar con esp\u00e1tula, ya sea<span class=\"m_-5543079477393620432gmail-text_exposed_show\">\u00a0un paisaje o una pintura abstracta.<\/span><\/p>\n<div class=\"m_-5543079477393620432gmail-text_exposed_show\">\n<p>Susana cuenta que pinta con el coraz\u00f3n. Sus primeras experiencias las adquiri\u00f3 con el director de la Escuela Provincial Sr. Gilliard, pintando al \u00f3leo, luego con el artista pl\u00e1stico Favareto Forner.<\/p>\n<p>\u201cPintar llena mi alma, la firma de mis obras es art sol (arte Soldano), algunas de ellas se encuentran en sala velatoria de Suardi. Gracias por esta oportunidad, los invito a conocer mis obras\u201d Susana Soldano<\/p>\n<\/div>\n","protected":false},"excerpt":{"rendered":"<p>&nbsp; Contin\u00faa la \u2018\u2019Muestra de Autores\u2019\u2019 en el Hall de Casa de Mareil\u00ed (Rivadavia 343). Dicha iniciativa [&hellip;]<\/p>\n","protected":false},"author":3,"featured_media":3002,"comment_status":"open","ping_status":"open","sticky":false,"template":"","format":"standard","meta":{"_jetpack_memberships_contains_paid_content":false,"footnotes":"","jetpack_publicize_message":"","jetpack_publicize_feature_enabled":true,"jetpack_social_post_already_shared":true,"jetpack_social_options":{"image_generator_settings":{"template":"highway","enabled":false}}},"categories":[2],"tags":[],"jetpack_publicize_connections":[],"jetpack_featured_media_url":"http:\/\/enteculturalsantafesino.com.ar\/usina5\/wp-content\/uploads\/2017\/03\/17357235_386177045101774_2002482614_o.jpg","jetpack_sharing_enabled":true,"_links":{"self":[{"href":"http:\/\/enteculturalsantafesino.com.ar\/usina5\/wp-json\/wp\/v2\/posts\/2999"}],"collection":[{"href":"http:\/\/enteculturalsantafesino.com.ar\/usina5\/wp-json\/wp\/v2\/posts"}],"about":[{"href":"http:\/\/enteculturalsantafesino.com.ar\/usina5\/wp-json\/wp\/v2\/types\/post"}],"author":[{"embeddable":true,"href":"http:\/\/enteculturalsantafesino.com.ar\/usina5\/wp-json\/wp\/v2\/users\/3"}],"replies":[{"embeddable":true,"href":"http:\/\/enteculturalsantafesino.com.ar\/usina5\/wp-json\/wp\/v2\/comments?post=2999"}],"version-history":[{"count":4,"href":"http:\/\/enteculturalsantafesino.com.ar\/usina5\/wp-json\/wp\/v2\/posts\/2999\/revisions"}],"predecessor-version":[{"id":3004,"href":"http:\/\/enteculturalsantafesino.com.ar\/usina5\/wp-json\/wp\/v2\/posts\/2999\/revisions\/3004"}],"wp:featuredmedia":[{"embeddable":true,"href":"http:\/\/enteculturalsantafesino.com.ar\/usina5\/wp-json\/wp\/v2\/media\/3002"}],"wp:attachment":[{"href":"http:\/\/enteculturalsantafesino.com.ar\/usina5\/wp-json\/wp\/v2\/media?parent=2999"}],"wp:term":[{"taxonomy":"category","embeddable":true,"href":"http:\/\/enteculturalsantafesino.com.ar\/usina5\/wp-json\/wp\/v2\/categories?post=2999"},{"taxonomy":"post_tag","embeddable":true,"href":"http:\/\/enteculturalsantafesino.com.ar\/usina5\/wp-json\/wp\/v2\/tags?post=2999"}],"curies":[{"name":"wp","href":"https:\/\/api.w.org\/{rel}","templated":true}]}}