{"id":3058,"date":"2017-05-01T21:03:46","date_gmt":"2017-05-01T21:03:46","guid":{"rendered":"http:\/\/enteculturalsantafesino.com.ar\/usina5\/?p=3058"},"modified":"2017-05-01T21:03:46","modified_gmt":"2017-05-01T21:03:46","slug":"inolvidable-festejos-patronales-2017-en-suardi","status":"publish","type":"post","link":"http:\/\/enteculturalsantafesino.com.ar\/usina5\/2017\/05\/inolvidable-festejos-patronales-2017-en-suardi\/","title":{"rendered":"Inolvidable \u00abFestejos Patronales 2017\u00bb en Suardi"},"content":{"rendered":"<p>Con motivo de la celebraci\u00f3n de los Festejos Patronales Suardenses, se realizaron diversas actividades culturales frente a la Comuna y en torno a Plaza San Mart\u00edn.<\/p>\n<p>La Plaza estuvo colmada por juegos, artesanos de toda la regi\u00f3n que llegaron para mostrar sus trabajos, y familias y amigos que se acercaron a disfrutar de una hermosa tarde compartiendo mate.<\/p>\n<p>LA GOSADERA<\/p>\n<p>Aproximadamente a las 18:30 hs, la banda local \u201cLa Gosadera\u201d abri\u00f3 el escenario presentando su nuevo material y contagiando de alegr\u00eda a todos los presentes.<\/p>\n<p>MISS SUARDI 2017<\/p>\n<p>Posteriormente, se llev\u00f3 a cabo la Elecci\u00f3n de \u2018\u2019Miss Suardi 2017\u2019\u2019, contando con: Lara Luc\u00eda Molina, Sof\u00eda Cravero, Ariana Nari, Roc\u00edo Ailen Andrione, Giuliana Albano y Aneley Pineda como candidatas. Como \u2018\u2019Miss Suardi 2017\u2019\u2019 fue electa Ariana Nari, representante de la \u201cCasita Del Ni\u00f1o Creciendo\u201d, quien recibi\u00f3 su corona en manos de Milagros Ca\u00f1ete, su antecesora en la edici\u00f3n 2016.<\/p>\n<p>El jurado de Miss Suardi 2017 estuvo integrado por: Presidente Comunal Hugo Boscarol, Jueza Comunitaria de Peque\u00f1as Causas Dra. Mar\u00eda Elena Agostini, Representantes de Comisi\u00f3n Comunal Roxana Allassia y Aelajandra Esquivel, Reina Saliente Milagros Ca\u00f1ete, y Reinas Provinciales de la Primavera y del Sorgo y de las Industrias L\u00e1cteas Roc\u00edo Yost y Daniela Etchevarne Loda respectivamente.<\/p>\n<p>KAWEN CHACACUMBIA<\/p>\n<p>El cierre estuvo a cargo de \u201cKawen Chacacumbia\u201d. El grupo oriundo de Carlos Paz, a puro ritmo, dio cierre a una inolvidable jornada.<\/p>\n<p>&nbsp;<\/p>\n<p>&nbsp;<\/p>\n","protected":false},"excerpt":{"rendered":"<p>Con motivo de la celebraci\u00f3n de los Festejos Patronales Suardenses, se realizaron diversas actividades culturales frente a [&hellip;]<\/p>\n","protected":false},"author":3,"featured_media":3059,"comment_status":"open","ping_status":"open","sticky":false,"template":"","format":"standard","meta":{"_jetpack_memberships_contains_paid_content":false,"footnotes":"","jetpack_publicize_message":"","jetpack_publicize_feature_enabled":true,"jetpack_social_post_already_shared":true,"jetpack_social_options":{"image_generator_settings":{"template":"highway","enabled":false}}},"categories":[2],"tags":[],"jetpack_publicize_connections":[],"jetpack_featured_media_url":"http:\/\/enteculturalsantafesino.com.ar\/usina5\/wp-content\/uploads\/2017\/05\/unnamed-2.jpg","jetpack_sharing_enabled":true,"_links":{"self":[{"href":"http:\/\/enteculturalsantafesino.com.ar\/usina5\/wp-json\/wp\/v2\/posts\/3058"}],"collection":[{"href":"http:\/\/enteculturalsantafesino.com.ar\/usina5\/wp-json\/wp\/v2\/posts"}],"about":[{"href":"http:\/\/enteculturalsantafesino.com.ar\/usina5\/wp-json\/wp\/v2\/types\/post"}],"author":[{"embeddable":true,"href":"http:\/\/enteculturalsantafesino.com.ar\/usina5\/wp-json\/wp\/v2\/users\/3"}],"replies":[{"embeddable":true,"href":"http:\/\/enteculturalsantafesino.com.ar\/usina5\/wp-json\/wp\/v2\/comments?post=3058"}],"version-history":[{"count":1,"href":"http:\/\/enteculturalsantafesino.com.ar\/usina5\/wp-json\/wp\/v2\/posts\/3058\/revisions"}],"predecessor-version":[{"id":3060,"href":"http:\/\/enteculturalsantafesino.com.ar\/usina5\/wp-json\/wp\/v2\/posts\/3058\/revisions\/3060"}],"wp:featuredmedia":[{"embeddable":true,"href":"http:\/\/enteculturalsantafesino.com.ar\/usina5\/wp-json\/wp\/v2\/media\/3059"}],"wp:attachment":[{"href":"http:\/\/enteculturalsantafesino.com.ar\/usina5\/wp-json\/wp\/v2\/media?parent=3058"}],"wp:term":[{"taxonomy":"category","embeddable":true,"href":"http:\/\/enteculturalsantafesino.com.ar\/usina5\/wp-json\/wp\/v2\/categories?post=3058"},{"taxonomy":"post_tag","embeddable":true,"href":"http:\/\/enteculturalsantafesino.com.ar\/usina5\/wp-json\/wp\/v2\/tags?post=3058"}],"curies":[{"name":"wp","href":"https:\/\/api.w.org\/{rel}","templated":true}]}}