{"id":3140,"date":"2017-06-25T21:41:49","date_gmt":"2017-06-25T21:41:49","guid":{"rendered":"http:\/\/enteculturalsantafesino.com.ar\/usina5\/?p=3140"},"modified":"2017-06-26T01:19:53","modified_gmt":"2017-06-26T01:19:53","slug":"en-monte-oscuridad-se-inauguro-la-muestra-forma-y-color","status":"publish","type":"post","link":"http:\/\/enteculturalsantafesino.com.ar\/usina5\/2017\/06\/en-monte-oscuridad-se-inauguro-la-muestra-forma-y-color\/","title":{"rendered":"En Monte Oscuridad se inaugur\u00f3 la muestra \u00abForma y Color\u00bb"},"content":{"rendered":"\n\t\t<style type=\"text\/css\">\n\t\t\t#gallery-1 {\n\t\t\t\tmargin: auto;\n\t\t\t}\n\t\t\t#gallery-1 .gallery-item {\n\t\t\t\tfloat: left;\n\t\t\t\tmargin-top: 10px;\n\t\t\t\ttext-align: center;\n\t\t\t\twidth: 33%;\n\t\t\t}\n\t\t\t#gallery-1 img {\n\t\t\t\tborder: 2px solid #cfcfcf;\n\t\t\t}\n\t\t\t#gallery-1 .gallery-caption {\n\t\t\t\tmargin-left: 0;\n\t\t\t}\n\t\t\t\/* see gallery_shortcode() in wp-includes\/media.php *\/\n\t\t<\/style>\n\t\t<div id='gallery-1' class='gallery galleryid-3140 gallery-columns-3 gallery-size-thumbnail'><dl class='gallery-item'>\n\t\t\t<dt class='gallery-icon landscape'>\n\t\t\t\t<a href='http:\/\/enteculturalsantafesino.com.ar\/usina5\/2017\/06\/en-monte-oscuridad-se-inauguro-la-muestra-forma-y-color\/19458339_1515877471803310_1308813774_n\/'><img loading=\"lazy\" decoding=\"async\" width=\"150\" height=\"150\" src=\"http:\/\/enteculturalsantafesino.com.ar\/usina5\/wp-content\/uploads\/2017\/06\/19458339_1515877471803310_1308813774_n-150x150.jpg\" class=\"attachment-thumbnail size-thumbnail\" alt=\"\" srcset=\"http:\/\/enteculturalsantafesino.com.ar\/usina5\/wp-content\/uploads\/2017\/06\/19458339_1515877471803310_1308813774_n-150x150.jpg 150w, http:\/\/enteculturalsantafesino.com.ar\/usina5\/wp-content\/uploads\/2017\/06\/19458339_1515877471803310_1308813774_n-53x53.jpg 53w\" sizes=\"(max-width: 150px) 100vw, 150px\" \/><\/a>\n\t\t\t<\/dt><\/dl><dl class='gallery-item'>\n\t\t\t<dt class='gallery-icon landscape'>\n\t\t\t\t<a href='http:\/\/enteculturalsantafesino.com.ar\/usina5\/2017\/06\/en-monte-oscuridad-se-inauguro-la-muestra-forma-y-color\/19458430_1515876628470061_1108999833_n\/'><img loading=\"lazy\" decoding=\"async\" width=\"150\" height=\"150\" src=\"http:\/\/enteculturalsantafesino.com.ar\/usina5\/wp-content\/uploads\/2017\/06\/19458430_1515876628470061_1108999833_n-150x150.jpg\" class=\"attachment-thumbnail size-thumbnail\" alt=\"\" srcset=\"http:\/\/enteculturalsantafesino.com.ar\/usina5\/wp-content\/uploads\/2017\/06\/19458430_1515876628470061_1108999833_n-150x150.jpg 150w, http:\/\/enteculturalsantafesino.com.ar\/usina5\/wp-content\/uploads\/2017\/06\/19458430_1515876628470061_1108999833_n-53x53.jpg 53w\" sizes=\"(max-width: 150px) 100vw, 150px\" \/><\/a>\n\t\t\t<\/dt><\/dl><dl class='gallery-item'>\n\t\t\t<dt class='gallery-icon landscape'>\n\t\t\t\t<a href='http:\/\/enteculturalsantafesino.com.ar\/usina5\/2017\/06\/en-monte-oscuridad-se-inauguro-la-muestra-forma-y-color\/19477867_1515875578470166_1832190598_n\/'><img loading=\"lazy\" decoding=\"async\" width=\"150\" height=\"150\" src=\"http:\/\/enteculturalsantafesino.com.ar\/usina5\/wp-content\/uploads\/2017\/06\/19477867_1515875578470166_1832190598_n-150x150.jpg\" class=\"attachment-thumbnail size-thumbnail\" alt=\"\" srcset=\"http:\/\/enteculturalsantafesino.com.ar\/usina5\/wp-content\/uploads\/2017\/06\/19477867_1515875578470166_1832190598_n-150x150.jpg 150w, http:\/\/enteculturalsantafesino.com.ar\/usina5\/wp-content\/uploads\/2017\/06\/19477867_1515875578470166_1832190598_n-53x53.jpg 53w\" sizes=\"(max-width: 150px) 100vw, 150px\" \/><\/a>\n\t\t\t<\/dt><\/dl><br style=\"clear: both\" \/>\n\t\t<\/div>\n\n<p>En el marco de los <strong>Festejos Patronales<\/strong> de <strong>Monte Oscuridad<\/strong> durante la jornada del <strong>s\u00e1bado 24<\/strong> en las instalaciones de la <strong>Escuela N\u00b0 461, <\/strong>se di\u00f3 apertura apertura \u00a0al programa que pinta los <em>\u201ccaminos de integraci\u00f3n santafesinos\u201d.<\/em><\/p>\n<p>Este programa posee como finalidad exponer desde el mes de <em>mayo a julio<\/em>, en cada rinc\u00f3n santafesino, obras de artistas pl\u00e1sticos, residentes en las distintas Usinas Culturales, mediante espacios concretos y posteriormente de manera virtual a trav\u00e9s de la <a href=\"http:\/\/enteculturalsantafesino.com.ar\/formaycolor\/\">Galer\u00eda \u201cGuillermina Milocco\u201d.<\/a><\/p>\n<p><em>La Usina Cultural V se encuenta integrada por las comunidades de: Suardi, San Guillermo, Ambrosetti, Arrufo, San Crist\u00f3bal<br \/>\nVilla Trinidad y Hersilia<br \/>\n<\/em><\/p>\n<p><strong><a href=\"http:\/\/enteculturalsantafesino.com.ar\/formaycolor\/\">\u201cForma y Color\u201d<\/a> <\/strong>naci\u00f3 junto al Ente Cultural Santafesino y fue creciendo en participaci\u00f3n y extensi\u00f3n territorial, posibilitando el encuentro y la inclusi\u00f3n mediante la manifestaciones artisticas de los diversos exponentes culturales en artes pl\u00e1sticas.<\/p>\n<p><b>Monte Oscuridad<\/b> e<em>s una comuna del Departamento San Crist\u00f3bal, en la provincia de provincia de Santa Fe, Argentina, la colonia se encuentra a 250 km al norte de la ciudad capital Santa Fe, y a 120 km de la ciudad cabecera San Crist\u00f3bal (Santa Fe). No posee n\u00facleo de poblaci\u00f3n ni Registro Civil, por lo que depende de la localidad de Suardi con cuyo distrito limita.<\/em><\/p>\n<p><strong>Un nuevo a\u00f1o se pone en marcha y en el buscaremos seguir pintando las <em>\u201crutas culturales\u201d<\/em> de nuestra extensa Santa Fe, fortaleciendo a\u00fan m\u00e1s la premisa del \u201cJuntos, M\u00e1s y Mejor\u201d, para sentir con mayor satisfacci\u00f3n la tarea de una militancia cultural permanente, activa, comprometida y directa.-<\/strong><\/p>\n","protected":false},"excerpt":{"rendered":"<p>En el marco de los Festejos Patronales de Monte Oscuridad durante la jornada del s\u00e1bado 24 en [&hellip;]<\/p>\n","protected":false},"author":3,"featured_media":3142,"comment_status":"open","ping_status":"open","sticky":false,"template":"","format":"standard","meta":{"_jetpack_memberships_contains_paid_content":false,"footnotes":"","jetpack_publicize_message":"","jetpack_publicize_feature_enabled":true,"jetpack_social_post_already_shared":true,"jetpack_social_options":{"image_generator_settings":{"template":"highway","enabled":false}}},"categories":[6,11],"tags":[],"jetpack_publicize_connections":[],"jetpack_featured_media_url":"http:\/\/enteculturalsantafesino.com.ar\/usina5\/wp-content\/uploads\/2017\/06\/19458430_1515876628470061_1108999833_n.jpg","jetpack_sharing_enabled":true,"_links":{"self":[{"href":"http:\/\/enteculturalsantafesino.com.ar\/usina5\/wp-json\/wp\/v2\/posts\/3140"}],"collection":[{"href":"http:\/\/enteculturalsantafesino.com.ar\/usina5\/wp-json\/wp\/v2\/posts"}],"about":[{"href":"http:\/\/enteculturalsantafesino.com.ar\/usina5\/wp-json\/wp\/v2\/types\/post"}],"author":[{"embeddable":true,"href":"http:\/\/enteculturalsantafesino.com.ar\/usina5\/wp-json\/wp\/v2\/users\/3"}],"replies":[{"embeddable":true,"href":"http:\/\/enteculturalsantafesino.com.ar\/usina5\/wp-json\/wp\/v2\/comments?post=3140"}],"version-history":[{"count":2,"href":"http:\/\/enteculturalsantafesino.com.ar\/usina5\/wp-json\/wp\/v2\/posts\/3140\/revisions"}],"predecessor-version":[{"id":3145,"href":"http:\/\/enteculturalsantafesino.com.ar\/usina5\/wp-json\/wp\/v2\/posts\/3140\/revisions\/3145"}],"wp:featuredmedia":[{"embeddable":true,"href":"http:\/\/enteculturalsantafesino.com.ar\/usina5\/wp-json\/wp\/v2\/media\/3142"}],"wp:attachment":[{"href":"http:\/\/enteculturalsantafesino.com.ar\/usina5\/wp-json\/wp\/v2\/media?parent=3140"}],"wp:term":[{"taxonomy":"category","embeddable":true,"href":"http:\/\/enteculturalsantafesino.com.ar\/usina5\/wp-json\/wp\/v2\/categories?post=3140"},{"taxonomy":"post_tag","embeddable":true,"href":"http:\/\/enteculturalsantafesino.com.ar\/usina5\/wp-json\/wp\/v2\/tags?post=3140"}],"curies":[{"name":"wp","href":"https:\/\/api.w.org\/{rel}","templated":true}]}}