{"id":3373,"date":"2018-01-09T13:42:31","date_gmt":"2018-01-09T13:42:31","guid":{"rendered":"http:\/\/enteculturalsantafesino.com.ar\/usina5\/?p=3373"},"modified":"2018-01-09T13:42:31","modified_gmt":"2018-01-09T13:42:31","slug":"verano-2018-en-suardi-comenzaron-los-seminarios","status":"publish","type":"post","link":"http:\/\/enteculturalsantafesino.com.ar\/usina5\/2018\/01\/verano-2018-en-suardi-comenzaron-los-seminarios\/","title":{"rendered":"Verano 2018 en Suardi! \u00a1Comenzaron los Seminarios!"},"content":{"rendered":"<p>El \u00c1rea de Cultura y Educaci\u00f3n, invita nuevamente a los vecinos a vivir el verano en la Ciudad. Es por esto, que se diagramaron y planificaron diferentes Seminarios.<\/p>\n<div class=\"text_exposed_show\">\n<p>En este sentido, dicha secretar\u00eda informa que se est\u00e1n brindando los siguientes:<\/p>\n<p>\u2022 Para Ni\u00f1os y Ni\u00f1as<\/p>\n<p>1) Taller de Acrobacias en Telas y Flexibilidad para menores de 16 A\u00f1os a cargo de Jaquelina Martino<\/p>\n<p>2) Taller \u201cJugando a Crear Cuentos\u201d para ni\u00f1os y ni\u00f1as de 5 a 12 A\u00f1os a cargo de Roc\u00edo Cavallera<\/p>\n<p>\u2022 Para J\u00f3venes y Adultos<\/p>\n<p>1) Taller de Acrobacias En Telas \u201cPatas Para Arriba\u201d a cargo de Roc\u00edo Milanesio<\/p>\n<p>2) Taller de Costura a cargo de Elda Bertero<\/p>\n<p>\u2022 Para Adultos Mayores<\/p>\n<p>1) Taller de Actividades Integrales Para Adultos Mayores a cargo de Gabriela Canello, Berenice Moriconi y Virginia Sampietro<\/p>\n<p>CONSULTAS<\/p>\n<p>Los interesados, para m\u00e1s informaci\u00f3n deber\u00e1n contactarse con el \u00c1rea de Cultura y Educaci\u00f3n de la Municipalidad de Suardi (Casa de Mareil\u00ed \u2013 Rivadavia 343 &#8211; 478687), en horario de atenci\u00f3n al p\u00fablico de 8:30 a 13:00 hs.<\/p>\n<\/div>\n","protected":false},"excerpt":{"rendered":"<p>El \u00c1rea de Cultura y Educaci\u00f3n, invita nuevamente a los vecinos a vivir el verano en la [&hellip;]<\/p>\n","protected":false},"author":3,"featured_media":3374,"comment_status":"open","ping_status":"open","sticky":false,"template":"","format":"standard","meta":{"_jetpack_memberships_contains_paid_content":false,"footnotes":"","jetpack_publicize_message":"","jetpack_publicize_feature_enabled":true,"jetpack_social_post_already_shared":true,"jetpack_social_options":{"image_generator_settings":{"template":"highway","enabled":false}}},"categories":[2],"tags":[],"jetpack_publicize_connections":[],"jetpack_featured_media_url":"http:\/\/enteculturalsantafesino.com.ar\/usina5\/wp-content\/uploads\/2018\/01\/26239871_1261708580597777_4334188588165670595_n.jpg","jetpack_sharing_enabled":true,"_links":{"self":[{"href":"http:\/\/enteculturalsantafesino.com.ar\/usina5\/wp-json\/wp\/v2\/posts\/3373"}],"collection":[{"href":"http:\/\/enteculturalsantafesino.com.ar\/usina5\/wp-json\/wp\/v2\/posts"}],"about":[{"href":"http:\/\/enteculturalsantafesino.com.ar\/usina5\/wp-json\/wp\/v2\/types\/post"}],"author":[{"embeddable":true,"href":"http:\/\/enteculturalsantafesino.com.ar\/usina5\/wp-json\/wp\/v2\/users\/3"}],"replies":[{"embeddable":true,"href":"http:\/\/enteculturalsantafesino.com.ar\/usina5\/wp-json\/wp\/v2\/comments?post=3373"}],"version-history":[{"count":1,"href":"http:\/\/enteculturalsantafesino.com.ar\/usina5\/wp-json\/wp\/v2\/posts\/3373\/revisions"}],"predecessor-version":[{"id":3375,"href":"http:\/\/enteculturalsantafesino.com.ar\/usina5\/wp-json\/wp\/v2\/posts\/3373\/revisions\/3375"}],"wp:featuredmedia":[{"embeddable":true,"href":"http:\/\/enteculturalsantafesino.com.ar\/usina5\/wp-json\/wp\/v2\/media\/3374"}],"wp:attachment":[{"href":"http:\/\/enteculturalsantafesino.com.ar\/usina5\/wp-json\/wp\/v2\/media?parent=3373"}],"wp:term":[{"taxonomy":"category","embeddable":true,"href":"http:\/\/enteculturalsantafesino.com.ar\/usina5\/wp-json\/wp\/v2\/categories?post=3373"},{"taxonomy":"post_tag","embeddable":true,"href":"http:\/\/enteculturalsantafesino.com.ar\/usina5\/wp-json\/wp\/v2\/tags?post=3373"}],"curies":[{"name":"wp","href":"https:\/\/api.w.org\/{rel}","templated":true}]}}