{"id":3392,"date":"2018-01-31T13:27:28","date_gmt":"2018-01-31T13:27:28","guid":{"rendered":"http:\/\/enteculturalsantafesino.com.ar\/usina5\/?p=3392"},"modified":"2018-01-31T13:27:28","modified_gmt":"2018-01-31T13:27:28","slug":"segunda-noche-de-los-carnavales-de-suardi-2018","status":"publish","type":"post","link":"http:\/\/enteculturalsantafesino.com.ar\/usina5\/2018\/01\/segunda-noche-de-los-carnavales-de-suardi-2018\/","title":{"rendered":"Segunda Noche de los \u00abCarnavales de Suardi 2018\u00bb"},"content":{"rendered":"<p style=\"font-weight: 400;\">A lo largo de la noche del domingo 28, se llev\u00f3 adelante la segunda presentaci\u00f3n de los prestigiosos Carnavales Suardenses. Aproximadamente 3.500 personas formaron parte de una sensacional noche a puro ritmo.<\/p>\n<p style=\"font-weight: 400;\">La Comparsa maravill\u00f3 nuevamente al p\u00fablico, con el repaso, escuadra a escuadra, de cada uno de los 10 a\u00f1os transcurridos, donde la batucada fue la\u00a0\u00a0encargada de personificar el festejo del d\u00e9cimo aniversario de Samay Yas\u00ed.<\/p>\n<p style=\"font-weight: 400;\">La velada, cont\u00f3 con la presencia destacada del Intendente Hugo Boscarol.<\/p>\n<p style=\"font-weight: 400;\">FERNANDO BLADYS<\/p>\n<p style=\"font-weight: 400;\">Luego de la exhibici\u00f3n de Samay Yas\u00ed, se produjo la presentaci\u00f3n estelar de Fernando Bladys. El cordob\u00e9s Ex-\u201dChebere\u201d, hizo vibrar a todo el p\u00fablico que se congreg\u00f3 para disfrutar de su esperado show.<\/p>\n<p style=\"font-weight: 400;\">\u00daLTIMA PRESENTACI\u00d3N<\/p>\n<p style=\"font-weight: 400;\">Se recuerda que el pr\u00f3ximo s\u00e1bado 03\/02 ser\u00e1 la \u00faltima noche de los Carnavales Suardenses 2018, donde se elegir\u00e1 a la nueva soberana, y los shows de cierre estar\u00e1n a cargo de \u201cLa Gosadera\u201d y \u201cTorrente\u201d.<\/p>\n","protected":false},"excerpt":{"rendered":"<p>A lo largo de la noche del domingo 28, se llev\u00f3 adelante la segunda presentaci\u00f3n de los [&hellip;]<\/p>\n","protected":false},"author":3,"featured_media":3393,"comment_status":"open","ping_status":"open","sticky":false,"template":"","format":"standard","meta":{"_jetpack_memberships_contains_paid_content":false,"footnotes":"","jetpack_publicize_message":"","jetpack_publicize_feature_enabled":true,"jetpack_social_post_already_shared":true,"jetpack_social_options":{"image_generator_settings":{"template":"highway","enabled":false}}},"categories":[2],"tags":[],"jetpack_publicize_connections":[],"jetpack_featured_media_url":"http:\/\/enteculturalsantafesino.com.ar\/usina5\/wp-content\/uploads\/2018\/01\/IMG_4571.jpg","jetpack_sharing_enabled":true,"_links":{"self":[{"href":"http:\/\/enteculturalsantafesino.com.ar\/usina5\/wp-json\/wp\/v2\/posts\/3392"}],"collection":[{"href":"http:\/\/enteculturalsantafesino.com.ar\/usina5\/wp-json\/wp\/v2\/posts"}],"about":[{"href":"http:\/\/enteculturalsantafesino.com.ar\/usina5\/wp-json\/wp\/v2\/types\/post"}],"author":[{"embeddable":true,"href":"http:\/\/enteculturalsantafesino.com.ar\/usina5\/wp-json\/wp\/v2\/users\/3"}],"replies":[{"embeddable":true,"href":"http:\/\/enteculturalsantafesino.com.ar\/usina5\/wp-json\/wp\/v2\/comments?post=3392"}],"version-history":[{"count":1,"href":"http:\/\/enteculturalsantafesino.com.ar\/usina5\/wp-json\/wp\/v2\/posts\/3392\/revisions"}],"predecessor-version":[{"id":3394,"href":"http:\/\/enteculturalsantafesino.com.ar\/usina5\/wp-json\/wp\/v2\/posts\/3392\/revisions\/3394"}],"wp:featuredmedia":[{"embeddable":true,"href":"http:\/\/enteculturalsantafesino.com.ar\/usina5\/wp-json\/wp\/v2\/media\/3393"}],"wp:attachment":[{"href":"http:\/\/enteculturalsantafesino.com.ar\/usina5\/wp-json\/wp\/v2\/media?parent=3392"}],"wp:term":[{"taxonomy":"category","embeddable":true,"href":"http:\/\/enteculturalsantafesino.com.ar\/usina5\/wp-json\/wp\/v2\/categories?post=3392"},{"taxonomy":"post_tag","embeddable":true,"href":"http:\/\/enteculturalsantafesino.com.ar\/usina5\/wp-json\/wp\/v2\/tags?post=3392"}],"curies":[{"name":"wp","href":"https:\/\/api.w.org\/{rel}","templated":true}]}}