{"id":3396,"date":"2018-02-04T15:36:09","date_gmt":"2018-02-04T15:36:09","guid":{"rendered":"http:\/\/enteculturalsantafesino.com.ar\/usina5\/?p=3396"},"modified":"2018-02-04T15:36:09","modified_gmt":"2018-02-04T15:36:09","slug":"con-mucha-alegria-y-emocion-cerraron-los-carnavales-de-suardi-2018","status":"publish","type":"post","link":"http:\/\/enteculturalsantafesino.com.ar\/usina5\/2018\/02\/con-mucha-alegria-y-emocion-cerraron-los-carnavales-de-suardi-2018\/","title":{"rendered":"Con mucha alegr\u00eda y emoci\u00f3n cerraron los \u00abCarnavales de Suardi 2018\u00bb"},"content":{"rendered":"<p style=\"font-weight: 400;\">A lo largo del s\u00e1bado 3, se llev\u00f3 a cabo la \u00faltima noche de carnavales en la Ciudad, con la elecci\u00f3n de la nueva Reina de la Comparsa Samay Yas\u00ed y los shows de \u201cTorrente\u201d y \u201cLa Gosadera\u201d.<\/p>\n<p style=\"font-weight: 400;\">Aproximadamente 4.800 personas asistieron a la \u00faltima jornada, sumando un total aproximado de 12.800 espectadores de Suardi y la zona, que se hicieron presentes durante las tres noches.<\/p>\n<p style=\"font-weight: 400;\">Entre las autoridades que asistieron a la \u00faltima noche podemos destacar a las siguientes: Intendente Hugo Boscarol, Concejales, Director Provincial de la Agencia de Seguridad Vial Gustavo Sella y Presidentes Comunales de la regi\u00f3n, entre otras.<\/p>\n<p style=\"font-weight: 400;\">ELECCI\u00d3N DE LA REINA<\/p>\n<p style=\"font-weight: 400;\">Durante esta \u00faltima noche, se eligi\u00f3 a la nueva soberana de la comparsa Samay Yas\u00ed, la cual volvi\u00f3 a sorprender una vez m\u00e1s presentando los festejos por el d\u00e9cimo aniversario.<\/p>\n<p style=\"font-weight: 400;\">El jurado estuvo integrado por: Intendente Hugo Boscarol, Reina Saliente de Samay Yas\u00ed Daiana Borgogno, Instituciones Colaboradoras, Equipo de Cultura, Comisi\u00f3n de Samay Yas\u00ed y Core\u00f3grafas de la Comparsa.<\/p>\n<p style=\"font-weight: 400;\">C\u00f3mo Reina de la Comparsa 2018 se consagr\u00f3 Matilde Caso Borgogno, qui\u00e9n obtuvo su corona de manos de Daiana Borgogno, su antecesora en la presente edici\u00f3n. La Bastonera elegida en esta ocasi\u00f3n fue Jaquelina Benavidez<\/p>\n<p style=\"font-weight: 400;\">Asimismo, se design\u00f3 c\u00f3mo Embajadoras de la Comparsa a Mara Isle\u00f1o y a Anal\u00eda Brasca, y se nombr\u00f3 a Sergio Fuse c\u00f3mo Revelaci\u00f3n de este a\u00f1o.<\/p>\n<p style=\"font-weight: 400;\">De la coronaci\u00f3n participaron: Intendente Hugo Boscarol, Concejales y Miembros de la Comisi\u00f3n de Samay Yas\u00ed.<\/p>\n<p style=\"font-weight: 400;\">ESPECT\u00c1CULOS<\/p>\n<p style=\"font-weight: 400;\">La \u00faltima jornada culmin\u00f3 a todo ritmo de la mano de \u201cTorrente\u201d y \u201cLa Gosadera\u201d. El p\u00fablico, alegre, los acompa\u00f1\u00f3 bailando hasta el final.<\/p>\n<p style=\"font-weight: 400;\">AGRADECIMIENTOS<\/p>\n<p style=\"font-weight: 400;\">En su discurso, Boscarol pronunci\u00f3 un mensaje donde agradeci\u00f3 la colaboraci\u00f3n de todos y remarc\u00f3 la importancia que tienen los carnavales en la localidad y en especial, el beneficio que este evento genera para la salud local.<\/p>\n<p style=\"font-weight: 400;\">De este modo, culminaron los Carnavales 2018, donde nuevamente gan\u00f3 terreno el \u00e9xito, la alegr\u00eda y el color. Suardi es una localidad que d\u00eda a d\u00eda reafirma su identidad cultural, progresa y construye futuro.<\/p>\n<p style=\"font-weight: 400;\">La Municipalidad agradece a Comisi\u00f3n e Integrantes de Samay Yas\u00ed, y a las Instituciones y vecinos que pusieron su trabajo, sacrificio y generosidad al servicio del Hospital \u201cDr. Gim\u00e9nez\u201d.<\/p>\n","protected":false},"excerpt":{"rendered":"<p>A lo largo del s\u00e1bado 3, se llev\u00f3 a cabo la \u00faltima noche de carnavales en la [&hellip;]<\/p>\n","protected":false},"author":3,"featured_media":3397,"comment_status":"open","ping_status":"open","sticky":false,"template":"","format":"standard","meta":{"_jetpack_memberships_contains_paid_content":false,"footnotes":"","jetpack_publicize_message":"","jetpack_publicize_feature_enabled":true,"jetpack_social_post_already_shared":true,"jetpack_social_options":{"image_generator_settings":{"template":"highway","enabled":false}}},"categories":[2],"tags":[],"jetpack_publicize_connections":[],"jetpack_featured_media_url":"http:\/\/enteculturalsantafesino.com.ar\/usina5\/wp-content\/uploads\/2018\/02\/IMG_6153.jpg","jetpack_sharing_enabled":true,"_links":{"self":[{"href":"http:\/\/enteculturalsantafesino.com.ar\/usina5\/wp-json\/wp\/v2\/posts\/3396"}],"collection":[{"href":"http:\/\/enteculturalsantafesino.com.ar\/usina5\/wp-json\/wp\/v2\/posts"}],"about":[{"href":"http:\/\/enteculturalsantafesino.com.ar\/usina5\/wp-json\/wp\/v2\/types\/post"}],"author":[{"embeddable":true,"href":"http:\/\/enteculturalsantafesino.com.ar\/usina5\/wp-json\/wp\/v2\/users\/3"}],"replies":[{"embeddable":true,"href":"http:\/\/enteculturalsantafesino.com.ar\/usina5\/wp-json\/wp\/v2\/comments?post=3396"}],"version-history":[{"count":1,"href":"http:\/\/enteculturalsantafesino.com.ar\/usina5\/wp-json\/wp\/v2\/posts\/3396\/revisions"}],"predecessor-version":[{"id":3398,"href":"http:\/\/enteculturalsantafesino.com.ar\/usina5\/wp-json\/wp\/v2\/posts\/3396\/revisions\/3398"}],"wp:featuredmedia":[{"embeddable":true,"href":"http:\/\/enteculturalsantafesino.com.ar\/usina5\/wp-json\/wp\/v2\/media\/3397"}],"wp:attachment":[{"href":"http:\/\/enteculturalsantafesino.com.ar\/usina5\/wp-json\/wp\/v2\/media?parent=3396"}],"wp:term":[{"taxonomy":"category","embeddable":true,"href":"http:\/\/enteculturalsantafesino.com.ar\/usina5\/wp-json\/wp\/v2\/categories?post=3396"},{"taxonomy":"post_tag","embeddable":true,"href":"http:\/\/enteculturalsantafesino.com.ar\/usina5\/wp-json\/wp\/v2\/tags?post=3396"}],"curies":[{"name":"wp","href":"https:\/\/api.w.org\/{rel}","templated":true}]}}