{"id":3528,"date":"2018-07-16T16:41:44","date_gmt":"2018-07-16T16:41:44","guid":{"rendered":"http:\/\/enteculturalsantafesino.com.ar\/usina5\/?p=3528"},"modified":"2018-07-16T16:41:44","modified_gmt":"2018-07-16T16:41:44","slug":"en-arrufo-tambien-se-jugo-el-2-torneo-provincial-de-bolitas","status":"publish","type":"post","link":"http:\/\/enteculturalsantafesino.com.ar\/usina5\/2018\/07\/en-arrufo-tambien-se-jugo-el-2-torneo-provincial-de-bolitas\/","title":{"rendered":"En Arruf\u00f3 tambi\u00e9n se jug\u00f3 el \u00ab2\u00b0 Torneo Provincial de Bolitas\u00bb"},"content":{"rendered":"<p>La comunidad perteneciente al\u00a0<strong>depto San Cristobal,<\/strong>\u00a0desarrollo el\u00a0<strong>\u201c2\u00b0 Torneo Provincial de Bolitas\u201d- Copa Teogilo \u201cPilo\u201d Gonzalez Navarro. <\/strong><\/p>\n<p>El \u00faltimo<strong>\u00a0s\u00e1bado 14 de julio <\/strong>desde las<strong> 14hs<\/strong> en la<strong> Plaza Barrio Sur <\/strong>se llev\u00f3 a cabo la instancia local.<\/p>\n<p>El\u00a0<strong>Ente Cultural Santafesino<\/strong>\u00a0y la<strong>\u00a0Diputada Provincial Claudia Giaccone<\/strong>, organizan y auspician el<strong>\u00a0\u201cSegundo Campeonato Provincial de Bolitas\u201d,\u00a0<\/strong>repitiendo la exitosa experiencia del a\u00f1o anterior y recogiendo esta actividad l\u00fadica\u00a0la cual se\u00a0extiende en m\u00e1s de cien comunidades, buscando difundir no solo este juego tradicional, sino tambi\u00e9n la producci\u00f3n y la cultura del trabajo.<\/p>\n<p>El certamen cuenta con competencias locales, luego regionales y la gran final que ser\u00e1 en la ciudad de San Jorge (en septiembre) posibilitando que los participantes recorran la primera f\u00e1brica argentina de Bolitas de Cristal.<\/p>\n<p class=\"m_-6510843526913625174ydp4203730eMsoNormal\"><strong>El torneo presenta 4 categor\u00edas:<\/strong><\/p>\n<p class=\"m_-6510843526913625174ydp4203730eDefault\"><em>Categor\u00eda \u201cA\u201d de 8 a 12 a\u00f1os; Categor\u00eda \u201cB\u201d de 13 a 15 a\u00f1os; Categor\u00eda \u201cC\u201d de 16 a 30 a\u00f1os; y Categor\u00eda \u201cD\u201d de 31 en adelante<\/em><\/p>\n<p>Los ganadores de la localidad ya tienen su pase a la instancia regional el\u00a0<strong>4 de agosto<\/strong>\u00a0en la comunidad de\u00a0<strong>San Guillermo<\/strong><\/p>\n<p><strong>Categor\u00eda A: FernandoTurquetti<\/strong><\/p>\n<p><strong>Categor\u00eda C: Rodrigo Mansilla<\/strong><\/p>\n<p><strong>Categor\u00eda D: Silvio Monjes<\/strong><\/p>\n","protected":false},"excerpt":{"rendered":"<p>La comunidad perteneciente al\u00a0depto San Cristobal,\u00a0desarrollo el\u00a0\u201c2\u00b0 Torneo Provincial de Bolitas\u201d- Copa Teogilo \u201cPilo\u201d Gonzalez Navarro. El [&hellip;]<\/p>\n","protected":false},"author":3,"featured_media":3529,"comment_status":"open","ping_status":"open","sticky":false,"template":"","format":"standard","meta":{"_jetpack_memberships_contains_paid_content":false,"footnotes":"","jetpack_publicize_message":"","jetpack_publicize_feature_enabled":true,"jetpack_social_post_already_shared":true,"jetpack_social_options":{"image_generator_settings":{"template":"highway","enabled":false}}},"categories":[4,6],"tags":[],"jetpack_publicize_connections":[],"jetpack_featured_media_url":"http:\/\/enteculturalsantafesino.com.ar\/usina5\/wp-content\/uploads\/2018\/07\/37322696_620170288369114_7420150594817490944_n.jpg","jetpack_sharing_enabled":true,"_links":{"self":[{"href":"http:\/\/enteculturalsantafesino.com.ar\/usina5\/wp-json\/wp\/v2\/posts\/3528"}],"collection":[{"href":"http:\/\/enteculturalsantafesino.com.ar\/usina5\/wp-json\/wp\/v2\/posts"}],"about":[{"href":"http:\/\/enteculturalsantafesino.com.ar\/usina5\/wp-json\/wp\/v2\/types\/post"}],"author":[{"embeddable":true,"href":"http:\/\/enteculturalsantafesino.com.ar\/usina5\/wp-json\/wp\/v2\/users\/3"}],"replies":[{"embeddable":true,"href":"http:\/\/enteculturalsantafesino.com.ar\/usina5\/wp-json\/wp\/v2\/comments?post=3528"}],"version-history":[{"count":1,"href":"http:\/\/enteculturalsantafesino.com.ar\/usina5\/wp-json\/wp\/v2\/posts\/3528\/revisions"}],"predecessor-version":[{"id":3530,"href":"http:\/\/enteculturalsantafesino.com.ar\/usina5\/wp-json\/wp\/v2\/posts\/3528\/revisions\/3530"}],"wp:featuredmedia":[{"embeddable":true,"href":"http:\/\/enteculturalsantafesino.com.ar\/usina5\/wp-json\/wp\/v2\/media\/3529"}],"wp:attachment":[{"href":"http:\/\/enteculturalsantafesino.com.ar\/usina5\/wp-json\/wp\/v2\/media?parent=3528"}],"wp:term":[{"taxonomy":"category","embeddable":true,"href":"http:\/\/enteculturalsantafesino.com.ar\/usina5\/wp-json\/wp\/v2\/categories?post=3528"},{"taxonomy":"post_tag","embeddable":true,"href":"http:\/\/enteculturalsantafesino.com.ar\/usina5\/wp-json\/wp\/v2\/tags?post=3528"}],"curies":[{"name":"wp","href":"https:\/\/api.w.org\/{rel}","templated":true}]}}