{"id":3535,"date":"2018-07-25T14:45:08","date_gmt":"2018-07-25T14:45:08","guid":{"rendered":"http:\/\/enteculturalsantafesino.com.ar\/usina5\/?p=3535"},"modified":"2018-07-25T14:52:03","modified_gmt":"2018-07-25T14:52:03","slug":"se-extiende-el-plazo-de-recepcion-de-clave-de-cuento-y-de-pueblo-en-pueblo","status":"publish","type":"post","link":"http:\/\/enteculturalsantafesino.com.ar\/usina5\/2018\/07\/se-extiende-el-plazo-de-recepcion-de-clave-de-cuento-y-de-pueblo-en-pueblo\/","title":{"rendered":"Se extiende el plazo de recepci\u00f3n de \u00abClave de Cuento\u00bb y \u00abDe Pueblo en Pueblo\u00bb"},"content":{"rendered":"<blockquote><p><em><strong>\u00abHasta el lunes 20 de agosto se reciben los trabajos literarios de ni\u00f1os, j\u00f3venes y adultos\u00bb.<\/strong><\/em><\/p><\/blockquote>\n<p>El\u00a0<strong>Ente Cultural Santafesino<\/strong>, informa que la recepci\u00f3n de obras literarias\u00a0que conformar\u00e1n los libros:\u00a0<strong>\u201cClave de Cuento\u201d<\/strong>\u00a0y \u201c<strong>De Pueblo en Pueblo 2018\u201d\u00a0<\/strong>se extiende hasta el\u00a0<strong>lunes 20 de agosto<\/strong>.<\/p>\n<p><em>Las bases pueden consultarse en\u00a0su web oficial www.enteculturalsantafesino.com.ar<\/em><\/p>\n<p><em><strong>\u201cClave de Cuento\u201d<\/strong><\/em><\/p>\n<p><em>Dicha convocatoria tiene como finalidad la\u00a0publicaci\u00f3n impresa de historias de personajes, redactadas por escritores, de\u00a0los pueblos y ciudades que conforman el\u00a0Ente Cultural Santafesino.\u00a0Podr\u00e1n participar todos los ni\u00f1os de Sexto y S\u00e9ptimo Grados de educaci\u00f3n primaria residentes en las VII\u00a0Usinas que integran el Ente Cultural Santafesino.<\/em><\/p>\n<p><em><strong>\u201cDe Pueblo en Pueblo\u201d<\/strong><\/em><\/p>\n<p><em>Podr\u00e1 participar cualquier persona, desde los trece (13) a\u00f1os sin l\u00edmite de edad, residentes\u00a0en las localidades de las VII Usinas Culturales que integran el Ente Cultural Santafesino.\u00a0<\/em><br \/>\n<em>La producci\u00f3n deber\u00e1 ser original, creada por el participante e in\u00e9dita. Estar\u00e1 inspirada en\u00a0una pintura de la <strong>Galer\u00eda Forma y Color Guillermina Milocco<\/strong> de la p\u00e1gina web del Ente<\/em><br \/>\n<em>Cultural Santafesino. El g\u00e9nero literario ser\u00e1 libre<\/em><\/p>\n<p>La\u00a0<strong>Prof. Catalina Serdarevich<\/strong>\u00a0y\u00a0<strong>Mar\u00eda Cristina Perret<\/strong>\u00a0\u2013<strong>Coordinadoras de ambos programas literarios<\/strong>\u00a0-manifestaron su satisfacci\u00f3n de seguir acompa\u00f1ando el trabajo de producci\u00f3n de estas ediciones,que ser\u00e1n muy especiales dentro del d\u00e9cimo aniversario de dicho espacio cultual<em>.\u00a0<\/em><em>\u201cEsta propuesta del Ente Cultural crece en participaci\u00f3n y creatividad, promoviendo a todos los escritores de cada rinc\u00f3n de nuestra provincia\u201d.<\/em><\/p>\n<p><strong>\u201cDe Pueblo en Pueblo\u201d<\/strong>\u00a0y\u00a0<strong>\u201cClave de Cuento\u201d<\/strong>\u00a0se encuentra auspiciado por la\u00a0<strong>Diputada Provincial Claudia Giaccone.<\/strong><\/p>\n<p>Todas las ediciones se pueden disfrutar en la web oficial del<strong>\u00a0Ente Cultural Santafesino: www.enteculturalsantafesino.com.ar<\/strong><\/p>\n","protected":false},"excerpt":{"rendered":"<p>\u00abHasta el lunes 20 de agosto se reciben los trabajos literarios de ni\u00f1os, j\u00f3venes y adultos\u00bb. El\u00a0Ente [&hellip;]<\/p>\n","protected":false},"author":3,"featured_media":3536,"comment_status":"open","ping_status":"open","sticky":false,"template":"","format":"standard","meta":{"_jetpack_memberships_contains_paid_content":false,"footnotes":"","jetpack_publicize_message":"","jetpack_publicize_feature_enabled":true,"jetpack_social_post_already_shared":true,"jetpack_social_options":{"image_generator_settings":{"template":"highway","enabled":false}}},"categories":[6],"tags":[],"jetpack_publicize_connections":[],"jetpack_featured_media_url":"http:\/\/enteculturalsantafesino.com.ar\/usina5\/wp-content\/uploads\/2018\/07\/12274511_768994253231455_1419695074528458581_n.jpg","jetpack_sharing_enabled":true,"_links":{"self":[{"href":"http:\/\/enteculturalsantafesino.com.ar\/usina5\/wp-json\/wp\/v2\/posts\/3535"}],"collection":[{"href":"http:\/\/enteculturalsantafesino.com.ar\/usina5\/wp-json\/wp\/v2\/posts"}],"about":[{"href":"http:\/\/enteculturalsantafesino.com.ar\/usina5\/wp-json\/wp\/v2\/types\/post"}],"author":[{"embeddable":true,"href":"http:\/\/enteculturalsantafesino.com.ar\/usina5\/wp-json\/wp\/v2\/users\/3"}],"replies":[{"embeddable":true,"href":"http:\/\/enteculturalsantafesino.com.ar\/usina5\/wp-json\/wp\/v2\/comments?post=3535"}],"version-history":[{"count":2,"href":"http:\/\/enteculturalsantafesino.com.ar\/usina5\/wp-json\/wp\/v2\/posts\/3535\/revisions"}],"predecessor-version":[{"id":3538,"href":"http:\/\/enteculturalsantafesino.com.ar\/usina5\/wp-json\/wp\/v2\/posts\/3535\/revisions\/3538"}],"wp:featuredmedia":[{"embeddable":true,"href":"http:\/\/enteculturalsantafesino.com.ar\/usina5\/wp-json\/wp\/v2\/media\/3536"}],"wp:attachment":[{"href":"http:\/\/enteculturalsantafesino.com.ar\/usina5\/wp-json\/wp\/v2\/media?parent=3535"}],"wp:term":[{"taxonomy":"category","embeddable":true,"href":"http:\/\/enteculturalsantafesino.com.ar\/usina5\/wp-json\/wp\/v2\/categories?post=3535"},{"taxonomy":"post_tag","embeddable":true,"href":"http:\/\/enteculturalsantafesino.com.ar\/usina5\/wp-json\/wp\/v2\/tags?post=3535"}],"curies":[{"name":"wp","href":"https:\/\/api.w.org\/{rel}","templated":true}]}}