{"id":3673,"date":"2019-01-08T14:18:57","date_gmt":"2019-01-08T14:18:57","guid":{"rendered":"http:\/\/enteculturalsantafesino.com.ar\/usina5\/?p=3673"},"modified":"2019-01-08T14:26:33","modified_gmt":"2019-01-08T14:26:33","slug":"escritores-de-suardi-y-monte-oscuridad-recibieron-las-antologias-2018-del-ente-cultural-santafesino","status":"publish","type":"post","link":"http:\/\/enteculturalsantafesino.com.ar\/usina5\/2019\/01\/escritores-de-suardi-y-monte-oscuridad-recibieron-las-antologias-2018-del-ente-cultural-santafesino\/","title":{"rendered":"Escritores de Suardi y Monte Oscuridad recibieron las Antolog\u00edas 2018 del Ente Cultural Santafesino"},"content":{"rendered":"\n<ul class=\"wp-block-gallery columns-3 is-cropped wp-block-gallery-1 is-layout-flex wp-block-gallery-is-layout-flex\"><li class=\"blocks-gallery-item\"><figure><img loading=\"lazy\" decoding=\"async\" width=\"960\" height=\"720\" src=\"http:\/\/enteculturalsantafesino.com.ar\/usina5\/wp-content\/uploads\/2019\/01\/49606034_286063978931749_1678999855281733632_n.jpg\" alt=\"\" data-id=\"3675\" data-link=\"http:\/\/enteculturalsantafesino.com.ar\/usina5\/?attachment_id=3675\" class=\"wp-image-3675\" srcset=\"http:\/\/enteculturalsantafesino.com.ar\/usina5\/wp-content\/uploads\/2019\/01\/49606034_286063978931749_1678999855281733632_n.jpg 960w, http:\/\/enteculturalsantafesino.com.ar\/usina5\/wp-content\/uploads\/2019\/01\/49606034_286063978931749_1678999855281733632_n-300x225.jpg 300w, http:\/\/enteculturalsantafesino.com.ar\/usina5\/wp-content\/uploads\/2019\/01\/49606034_286063978931749_1678999855281733632_n-768x576.jpg 768w\" sizes=\"(max-width: 960px) 100vw, 960px\" \/><\/figure><\/li><li class=\"blocks-gallery-item\"><figure><img loading=\"lazy\" decoding=\"async\" width=\"960\" height=\"720\" src=\"http:\/\/enteculturalsantafesino.com.ar\/usina5\/wp-content\/uploads\/2019\/01\/49648170_393202737914757_6330951827764281344_n.jpg\" alt=\"\" data-id=\"3676\" data-link=\"http:\/\/enteculturalsantafesino.com.ar\/usina5\/?attachment_id=3676\" class=\"wp-image-3676\" srcset=\"http:\/\/enteculturalsantafesino.com.ar\/usina5\/wp-content\/uploads\/2019\/01\/49648170_393202737914757_6330951827764281344_n.jpg 960w, http:\/\/enteculturalsantafesino.com.ar\/usina5\/wp-content\/uploads\/2019\/01\/49648170_393202737914757_6330951827764281344_n-300x225.jpg 300w, http:\/\/enteculturalsantafesino.com.ar\/usina5\/wp-content\/uploads\/2019\/01\/49648170_393202737914757_6330951827764281344_n-768x576.jpg 768w\" sizes=\"(max-width: 960px) 100vw, 960px\" \/><\/figure><\/li><li class=\"blocks-gallery-item\"><figure><img loading=\"lazy\" decoding=\"async\" width=\"960\" height=\"720\" src=\"http:\/\/enteculturalsantafesino.com.ar\/usina5\/wp-content\/uploads\/2019\/01\/49742692_229348244663784_5573206673469734912_n.jpg\" alt=\"\" data-id=\"3677\" data-link=\"http:\/\/enteculturalsantafesino.com.ar\/usina5\/?attachment_id=3677\" class=\"wp-image-3677\" srcset=\"http:\/\/enteculturalsantafesino.com.ar\/usina5\/wp-content\/uploads\/2019\/01\/49742692_229348244663784_5573206673469734912_n.jpg 960w, http:\/\/enteculturalsantafesino.com.ar\/usina5\/wp-content\/uploads\/2019\/01\/49742692_229348244663784_5573206673469734912_n-300x225.jpg 300w, http:\/\/enteculturalsantafesino.com.ar\/usina5\/wp-content\/uploads\/2019\/01\/49742692_229348244663784_5573206673469734912_n-768x576.jpg 768w\" sizes=\"(max-width: 960px) 100vw, 960px\" \/><\/figure><\/li><li class=\"blocks-gallery-item\"><figure><img loading=\"lazy\" decoding=\"async\" width=\"960\" height=\"720\" src=\"http:\/\/enteculturalsantafesino.com.ar\/usina5\/wp-content\/uploads\/2019\/01\/50117190_2301069346578827_3529770248892841984_n.jpg\" alt=\"\" data-id=\"3678\" data-link=\"http:\/\/enteculturalsantafesino.com.ar\/usina5\/?attachment_id=3678\" class=\"wp-image-3678\" srcset=\"http:\/\/enteculturalsantafesino.com.ar\/usina5\/wp-content\/uploads\/2019\/01\/50117190_2301069346578827_3529770248892841984_n.jpg 960w, http:\/\/enteculturalsantafesino.com.ar\/usina5\/wp-content\/uploads\/2019\/01\/50117190_2301069346578827_3529770248892841984_n-300x225.jpg 300w, http:\/\/enteculturalsantafesino.com.ar\/usina5\/wp-content\/uploads\/2019\/01\/50117190_2301069346578827_3529770248892841984_n-768x576.jpg 768w\" sizes=\"(max-width: 960px) 100vw, 960px\" \/><\/figure><\/li><li class=\"blocks-gallery-item\"><figure><img loading=\"lazy\" decoding=\"async\" width=\"960\" height=\"720\" src=\"http:\/\/enteculturalsantafesino.com.ar\/usina5\/wp-content\/uploads\/2019\/01\/50129019_1109386132573895_6542468298393518080_n.jpg\" alt=\"\" data-id=\"3679\" data-link=\"http:\/\/enteculturalsantafesino.com.ar\/usina5\/?attachment_id=3679\" class=\"wp-image-3679\" srcset=\"http:\/\/enteculturalsantafesino.com.ar\/usina5\/wp-content\/uploads\/2019\/01\/50129019_1109386132573895_6542468298393518080_n.jpg 960w, http:\/\/enteculturalsantafesino.com.ar\/usina5\/wp-content\/uploads\/2019\/01\/50129019_1109386132573895_6542468298393518080_n-300x225.jpg 300w, http:\/\/enteculturalsantafesino.com.ar\/usina5\/wp-content\/uploads\/2019\/01\/50129019_1109386132573895_6542468298393518080_n-768x576.jpg 768w\" sizes=\"(max-width: 960px) 100vw, 960px\" \/><\/figure><\/li><li class=\"blocks-gallery-item\"><figure><img loading=\"lazy\" decoding=\"async\" width=\"960\" height=\"720\" src=\"http:\/\/enteculturalsantafesino.com.ar\/usina5\/wp-content\/uploads\/2019\/01\/49583217_220255042189894_6523633818828537856_n.jpg\" alt=\"\" data-id=\"3680\" data-link=\"http:\/\/enteculturalsantafesino.com.ar\/usina5\/?attachment_id=3680\" class=\"wp-image-3680\" srcset=\"http:\/\/enteculturalsantafesino.com.ar\/usina5\/wp-content\/uploads\/2019\/01\/49583217_220255042189894_6523633818828537856_n.jpg 960w, http:\/\/enteculturalsantafesino.com.ar\/usina5\/wp-content\/uploads\/2019\/01\/49583217_220255042189894_6523633818828537856_n-300x225.jpg 300w, http:\/\/enteculturalsantafesino.com.ar\/usina5\/wp-content\/uploads\/2019\/01\/49583217_220255042189894_6523633818828537856_n-768x576.jpg 768w\" sizes=\"(max-width: 960px) 100vw, 960px\" \/><\/figure><\/li><\/ul>\n\n\n\n<p>El\u00a0<strong>s\u00e1bado 5\u00a0<\/strong>en las instalaciones de la \u00a0<strong>Cooperativa Telef\u00f3nica<\/strong> de la ciudad de <strong>Suardi<\/strong>, los escritores j\u00f3venes y adultos recibieron por parte de la <strong>Diputada provincial Claudia Giaccone<\/strong> los ejemplares de los libros\u00a0<strong>\u201cDe Pueblo en Pueblo\u201d<\/strong>y\u00a0<strong>\u201cClave de Cuento 2018\u201d<\/strong><\/p>\n\n\n\n<p>Del acto participaron la <em>legisladora provincial, la Directora de la Usina V Prof. Alejandra Barrios, el presidente comunal de Monte Oscuridad Daniel Boscarol y la referente cultural local Ver\u00f3nica Fenoglio.<\/em><\/p>\n\n\n\n<p><strong>\u201cDe Pueblo en Pueblo\u201d<\/strong>\u00a0<em>se encuentra integrado por 182 escritores de todos los puntos geogr\u00e1ficos santafesinos, quienes dejaron volar su imaginaci\u00f3n como un modo de expresar una voz plural que transite este suelo. Los escritores de los pueblos y ciudades forman parte de las VII Usinas Culturales y esta sexta edici\u00f3n fue inspirada en las obras pl\u00e1sticas de la Galer\u00eda\u00a0<strong>\u201cGuillermina Milocco\u201d<\/strong>\u00a0perteneciente al programa\u00a0<strong>\u201cForma y Color\u201d.<\/strong><\/em><\/p>\n\n\n\n<p>Esta nueva Antolog\u00eda ya se puede leer desde la web oficial a trav\u00e9s del link:&nbsp;<a href=\"http:\/\/enteculturalsantafesino.com.ar\/depuebloenpueblo\/\">http:\/\/enteculturalsantafesino.com.ar\/depuebloenpueblo\/<\/a><\/p>\n\n\n\n<p>Bajo el lema, \u201cLos chicos tambi\u00e9n escriben\u201d, participaron a 192 escritores quienes dejaron volar su imaginaci\u00f3n y narraron historias que fueron publicadas de manera impresa en un libro que recopil\u00f3 todas las producciones literarias&nbsp; de los pueblos y ciudades que conforman las VII Usinas del Ente Cultural.<\/p>\n\n\n\n<p>Dicha obra literaria puede ser le\u00edda en: http:\/\/enteculturalsantafesino.com.ar\/clavedecuento\/<\/p>\n\n\n\n<p>Los participantes de la\u00a0<strong>Antolog\u00eda \u201cDe Pueblo en Pueblo\u201d<\/strong>\u00a0son:<\/p>\n\n\n\n<p><strong><em>Suardi: <\/em><\/strong>Marta Valarolo &#8211; Jorge Amado Serrano<\/p>\n\n\n\n<p><em><strong>Monte\u00a0Oscuridad:\u00a0<\/strong><\/em>Mar\u00eda de los Angeles Ferreyra \u2013  Teresita Minetti  <\/p>\n\n\n\n<p><strong>\u201cClave de Cuento 2018\u201d:&nbsp;<\/strong><\/p>\n\n\n\n<p><strong>Monte Oscuridad<\/strong><\/p>\n\n\n\n<ul><li><em>Mi colonia es parte de m\u00ed. Facundo Perlo. 6\u00ba Esc 461<\/em><\/li><li><em>Un peque\u00f1o lugar llamado Monte Oscuridad. Evel\u00edn Ayl\u00e9n Montiel. 6\u00ba Esc 6007<\/em><\/li><\/ul>\n","protected":false},"excerpt":{"rendered":"<p>El\u00a0s\u00e1bado 5\u00a0en las instalaciones de la \u00a0Cooperativa Telef\u00f3nica de la ciudad de Suardi, los escritores j\u00f3venes y [&hellip;]<\/p>\n","protected":false},"author":3,"featured_media":3676,"comment_status":"open","ping_status":"open","sticky":false,"template":"","format":"standard","meta":{"_jetpack_memberships_contains_paid_content":false,"footnotes":"","jetpack_publicize_message":"","jetpack_publicize_feature_enabled":true,"jetpack_social_post_already_shared":true,"jetpack_social_options":{"image_generator_settings":{"template":"highway","enabled":false}}},"categories":[6,2],"tags":[],"jetpack_publicize_connections":[],"jetpack_featured_media_url":"http:\/\/enteculturalsantafesino.com.ar\/usina5\/wp-content\/uploads\/2019\/01\/49648170_393202737914757_6330951827764281344_n.jpg","jetpack_sharing_enabled":true,"_links":{"self":[{"href":"http:\/\/enteculturalsantafesino.com.ar\/usina5\/wp-json\/wp\/v2\/posts\/3673"}],"collection":[{"href":"http:\/\/enteculturalsantafesino.com.ar\/usina5\/wp-json\/wp\/v2\/posts"}],"about":[{"href":"http:\/\/enteculturalsantafesino.com.ar\/usina5\/wp-json\/wp\/v2\/types\/post"}],"author":[{"embeddable":true,"href":"http:\/\/enteculturalsantafesino.com.ar\/usina5\/wp-json\/wp\/v2\/users\/3"}],"replies":[{"embeddable":true,"href":"http:\/\/enteculturalsantafesino.com.ar\/usina5\/wp-json\/wp\/v2\/comments?post=3673"}],"version-history":[{"count":3,"href":"http:\/\/enteculturalsantafesino.com.ar\/usina5\/wp-json\/wp\/v2\/posts\/3673\/revisions"}],"predecessor-version":[{"id":3683,"href":"http:\/\/enteculturalsantafesino.com.ar\/usina5\/wp-json\/wp\/v2\/posts\/3673\/revisions\/3683"}],"wp:featuredmedia":[{"embeddable":true,"href":"http:\/\/enteculturalsantafesino.com.ar\/usina5\/wp-json\/wp\/v2\/media\/3676"}],"wp:attachment":[{"href":"http:\/\/enteculturalsantafesino.com.ar\/usina5\/wp-json\/wp\/v2\/media?parent=3673"}],"wp:term":[{"taxonomy":"category","embeddable":true,"href":"http:\/\/enteculturalsantafesino.com.ar\/usina5\/wp-json\/wp\/v2\/categories?post=3673"},{"taxonomy":"post_tag","embeddable":true,"href":"http:\/\/enteculturalsantafesino.com.ar\/usina5\/wp-json\/wp\/v2\/tags?post=3673"}],"curies":[{"name":"wp","href":"https:\/\/api.w.org\/{rel}","templated":true}]}}