{"id":3721,"date":"2019-07-24T11:08:00","date_gmt":"2019-07-24T11:08:00","guid":{"rendered":"http:\/\/enteculturalsantafesino.com.ar\/usina5\/?p=3721"},"modified":"2019-07-24T11:08:07","modified_gmt":"2019-07-24T11:08:07","slug":"monte-oscuridad-la-academia-de-folklore-local-presente-en-villa-trinidad","status":"publish","type":"post","link":"http:\/\/enteculturalsantafesino.com.ar\/usina5\/2019\/07\/monte-oscuridad-la-academia-de-folklore-local-presente-en-villa-trinidad\/","title":{"rendered":"Monte Oscuridad: La Academia de Folklore local presente en Villa Trinidad"},"content":{"rendered":"\n<p>El s\u00e1bado por la noche la Academia de Folclore Romance de Zamba de Monte Oscuridad, particip\u00f3 del tercer encuentro de Academias de folclore que organiz\u00f3 la escuela de danzas \u00abDon Fatiga Reynoso\u00bb de la localidad de Villa Trinidad.<\/p>\n\n\n\n<p>Desde la Comuna local felicitan a la profesora Mar\u00eda Arevalo, a los ni\u00f1os y j\u00f3venes que representaron a Monte Oscuridad.<\/p>\n","protected":false},"excerpt":{"rendered":"<p>El s\u00e1bado por la noche la Academia de Folclore Romance de Zamba de Monte Oscuridad, particip\u00f3 del [&hellip;]<\/p>\n","protected":false},"author":3,"featured_media":3722,"comment_status":"open","ping_status":"open","sticky":false,"template":"","format":"standard","meta":{"_jetpack_memberships_contains_paid_content":false,"footnotes":"","jetpack_publicize_message":"","jetpack_publicize_feature_enabled":true,"jetpack_social_post_already_shared":true,"jetpack_social_options":{"image_generator_settings":{"template":"highway","enabled":false}}},"categories":[11],"tags":[],"jetpack_publicize_connections":[],"jetpack_featured_media_url":"http:\/\/enteculturalsantafesino.com.ar\/usina5\/wp-content\/uploads\/2019\/07\/67057579_1423390791169934_1656011455146754048_n.jpg","jetpack_sharing_enabled":true,"_links":{"self":[{"href":"http:\/\/enteculturalsantafesino.com.ar\/usina5\/wp-json\/wp\/v2\/posts\/3721"}],"collection":[{"href":"http:\/\/enteculturalsantafesino.com.ar\/usina5\/wp-json\/wp\/v2\/posts"}],"about":[{"href":"http:\/\/enteculturalsantafesino.com.ar\/usina5\/wp-json\/wp\/v2\/types\/post"}],"author":[{"embeddable":true,"href":"http:\/\/enteculturalsantafesino.com.ar\/usina5\/wp-json\/wp\/v2\/users\/3"}],"replies":[{"embeddable":true,"href":"http:\/\/enteculturalsantafesino.com.ar\/usina5\/wp-json\/wp\/v2\/comments?post=3721"}],"version-history":[{"count":1,"href":"http:\/\/enteculturalsantafesino.com.ar\/usina5\/wp-json\/wp\/v2\/posts\/3721\/revisions"}],"predecessor-version":[{"id":3723,"href":"http:\/\/enteculturalsantafesino.com.ar\/usina5\/wp-json\/wp\/v2\/posts\/3721\/revisions\/3723"}],"wp:featuredmedia":[{"embeddable":true,"href":"http:\/\/enteculturalsantafesino.com.ar\/usina5\/wp-json\/wp\/v2\/media\/3722"}],"wp:attachment":[{"href":"http:\/\/enteculturalsantafesino.com.ar\/usina5\/wp-json\/wp\/v2\/media?parent=3721"}],"wp:term":[{"taxonomy":"category","embeddable":true,"href":"http:\/\/enteculturalsantafesino.com.ar\/usina5\/wp-json\/wp\/v2\/categories?post=3721"},{"taxonomy":"post_tag","embeddable":true,"href":"http:\/\/enteculturalsantafesino.com.ar\/usina5\/wp-json\/wp\/v2\/tags?post=3721"}],"curies":[{"name":"wp","href":"https:\/\/api.w.org\/{rel}","templated":true}]}}