{"id":3883,"date":"2019-12-02T11:57:24","date_gmt":"2019-12-02T11:57:24","guid":{"rendered":"http:\/\/enteculturalsantafesino.com.ar\/usina5\/?p=3883"},"modified":"2019-12-02T11:57:30","modified_gmt":"2019-12-02T11:57:30","slug":"cierre-de-los-talleres-culturales-en-monte-oscuridad","status":"publish","type":"post","link":"http:\/\/enteculturalsantafesino.com.ar\/usina5\/2019\/12\/cierre-de-los-talleres-culturales-en-monte-oscuridad\/","title":{"rendered":"Cierre de los \u00abTalleres Culturales\u00bb en Monte Oscuridad"},"content":{"rendered":"\n<p>El jueves por la noche se realiz\u00f3 el cierre de Talleres Culturales 2019. Donde las distintos talleres plasmaron todo lo que hicieron alrededor de este a\u00f1o. Queremos agradecer a cada profesor y alumno que en cada cierre nos sorprenden con todo lo aprendido. Es un placer contar con los talleres de folclore, zumba, pat\u00edn, costura, tejido, F\u00fatbol infantil.<\/p>\n\n\n\n<p>Debemos destacar que el <strong>Presidente Comunal Daniel Boscarol<\/strong> entrego un aporte de 13000 pesos al f\u00fatbol infantil para la confecci\u00f3n de las nuevas camisetas. Tambi\u00e9n se entreg\u00f3 al taller de costura una m\u00e1quina de coser que fue gestionada por la Comuna, fue entregada por Daniel Boscarol y Pipi Paulon representante de la Diputada Claudia Giaccone, quien fue la persona que nos hizo llegar la m\u00e1quina a la Comuna.<\/p>\n\n\n\n<p>Tambi\u00e9n debemos mencionar al taller de tejido quien recibi\u00f3 de parte de la Comuna material como agujas, hilos, lanas para seguir trabajando el pr\u00f3ximo a\u00f1o.<\/p>\n\n\n\n<p><em>\u00abLa cultura es lo \u00fanico que puede salvar a un pueblo, lo \u00fanico, porque la cultura permite ver a la miseria y combatirla. La cultura permite distinguir lo que hay que cambiar y lo que se debe dejar, como la bondad de la gente, el compartir una empanada, un vino\u00bb.<\/em> ( Mercedes Sosa)<\/p>\n","protected":false},"excerpt":{"rendered":"<p>El jueves por la noche se realiz\u00f3 el cierre de Talleres Culturales 2019. Donde las distintos talleres [&hellip;]<\/p>\n","protected":false},"author":3,"featured_media":3884,"comment_status":"open","ping_status":"open","sticky":false,"template":"","format":"standard","meta":{"_jetpack_memberships_contains_paid_content":false,"footnotes":"","jetpack_publicize_message":"","jetpack_publicize_feature_enabled":true,"jetpack_social_post_already_shared":true,"jetpack_social_options":{"image_generator_settings":{"template":"highway","enabled":false}}},"categories":[11],"tags":[],"jetpack_publicize_connections":[],"jetpack_featured_media_url":"http:\/\/enteculturalsantafesino.com.ar\/usina5\/wp-content\/uploads\/2019\/12\/78269291_1542916985883980_7636563873625014272_n.jpg","jetpack_sharing_enabled":true,"_links":{"self":[{"href":"http:\/\/enteculturalsantafesino.com.ar\/usina5\/wp-json\/wp\/v2\/posts\/3883"}],"collection":[{"href":"http:\/\/enteculturalsantafesino.com.ar\/usina5\/wp-json\/wp\/v2\/posts"}],"about":[{"href":"http:\/\/enteculturalsantafesino.com.ar\/usina5\/wp-json\/wp\/v2\/types\/post"}],"author":[{"embeddable":true,"href":"http:\/\/enteculturalsantafesino.com.ar\/usina5\/wp-json\/wp\/v2\/users\/3"}],"replies":[{"embeddable":true,"href":"http:\/\/enteculturalsantafesino.com.ar\/usina5\/wp-json\/wp\/v2\/comments?post=3883"}],"version-history":[{"count":1,"href":"http:\/\/enteculturalsantafesino.com.ar\/usina5\/wp-json\/wp\/v2\/posts\/3883\/revisions"}],"predecessor-version":[{"id":3885,"href":"http:\/\/enteculturalsantafesino.com.ar\/usina5\/wp-json\/wp\/v2\/posts\/3883\/revisions\/3885"}],"wp:featuredmedia":[{"embeddable":true,"href":"http:\/\/enteculturalsantafesino.com.ar\/usina5\/wp-json\/wp\/v2\/media\/3884"}],"wp:attachment":[{"href":"http:\/\/enteculturalsantafesino.com.ar\/usina5\/wp-json\/wp\/v2\/media?parent=3883"}],"wp:term":[{"taxonomy":"category","embeddable":true,"href":"http:\/\/enteculturalsantafesino.com.ar\/usina5\/wp-json\/wp\/v2\/categories?post=3883"},{"taxonomy":"post_tag","embeddable":true,"href":"http:\/\/enteculturalsantafesino.com.ar\/usina5\/wp-json\/wp\/v2\/tags?post=3883"}],"curies":[{"name":"wp","href":"https:\/\/api.w.org\/{rel}","templated":true}]}}