{"id":392,"date":"2014-06-11T19:17:38","date_gmt":"2014-06-11T19:17:38","guid":{"rendered":"http:\/\/entecultura.com.ar\/usina5\/?p=392"},"modified":"2014-06-11T19:17:38","modified_gmt":"2014-06-11T19:17:38","slug":"ceres-se-revivio-el-carnaval-en-el-paseo-de-la-vida-2","status":"publish","type":"post","link":"http:\/\/enteculturalsantafesino.com.ar\/usina5\/2014\/06\/ceres-se-revivio-el-carnaval-en-el-paseo-de-la-vida-2\/","title":{"rendered":"Ceres: se revivi\u00f3 el Carnaval en el Paseo de la Vida"},"content":{"rendered":"<div id=\"id_5398aab191af33188515420\" class=\"text_exposed_root text_exposed\">En la tarde del <b>8 de junio<\/b>\u00a0se llev\u00f3 a cabo el <strong>1\u00b0 ENCUENTRO DE BATUCADAS<\/strong>. El Secretario de Gobierno y <a href=\"http:\/\/enteculturalsantafesino.com.ar\/usina5\/wp-content\/uploads\/2014\/06\/DSC_0394-Copy.jpg\" rel=\"lightbox[392]\"><img loading=\"lazy\" decoding=\"async\" class=\"size-medium wp-image-366 alignright\" src=\"http:\/\/enteculturalsantafesino.com.ar\/usina5\/wp-content\/uploads\/2014\/06\/DSC_0394-Copy-300x199.jpg\" alt=\"DSC_0394 (Copy)\" width=\"300\" height=\"199\" srcset=\"http:\/\/enteculturalsantafesino.com.ar\/usina5\/wp-content\/uploads\/2014\/06\/DSC_0394-Copy-300x199.jpg 300w, http:\/\/enteculturalsantafesino.com.ar\/usina5\/wp-content\/uploads\/2014\/06\/DSC_0394-Copy.jpg 833w\" sizes=\"(max-width: 300px) 100vw, 300px\" \/><\/a>Cultura, Sr. Ernesto Paulon, juanto al Presidente del Concejo Deliberante, Sr. Sergio<span class=\"text_exposed_show\">\u00a0Uberti, formaron parte de este popular encuentro haci\u00e9ndoles entrega de un certificado de participaci\u00f3n a cada una de las batucadas.<\/span><\/div>\n<div class=\"text_exposed_root text_exposed\"><span class=\"text_exposed_show\"><br \/>\nEn el predio del Paseo de La Vida, se vivi\u00f3 una tarde familiar, acompa\u00f1ados de un sol espl\u00e9ndido y el sonido de los tambores, junto a sus pasistas, haci\u00e9ndonos recordar los majestuosos carnavales que se realizan en el mes de febrero en nuestra ciudad.<br \/>\nEl Sec. De Gobierno, expreso una gran satisfacci\u00f3n por la amplia repercusi\u00f3n, d\u00e1ndole una vital importancia a todas las actividades art\u00edsticas y culturales que se realizan peri\u00f3dicamente en Ceres.<\/span><span class=\"text_exposed_hide\">\u00a0<\/span><\/div>\n<p>&nbsp;<\/p>\n","protected":false},"excerpt":{"rendered":"<p>En la tarde del 8 de junio\u00a0se llev\u00f3 a cabo el 1\u00b0 ENCUENTRO DE BATUCADAS. El Secretario [&hellip;]<\/p>\n","protected":false},"author":3,"featured_media":366,"comment_status":"open","ping_status":"open","sticky":false,"template":"","format":"standard","meta":{"_jetpack_memberships_contains_paid_content":false,"footnotes":"","jetpack_publicize_message":"","jetpack_publicize_feature_enabled":true,"jetpack_social_post_already_shared":true,"jetpack_social_options":{"image_generator_settings":{"template":"highway","enabled":false}}},"categories":[7],"tags":[],"jetpack_publicize_connections":[],"jetpack_featured_media_url":"http:\/\/enteculturalsantafesino.com.ar\/usina5\/wp-content\/uploads\/2014\/06\/DSC_0394-Copy.jpg","jetpack_sharing_enabled":true,"_links":{"self":[{"href":"http:\/\/enteculturalsantafesino.com.ar\/usina5\/wp-json\/wp\/v2\/posts\/392"}],"collection":[{"href":"http:\/\/enteculturalsantafesino.com.ar\/usina5\/wp-json\/wp\/v2\/posts"}],"about":[{"href":"http:\/\/enteculturalsantafesino.com.ar\/usina5\/wp-json\/wp\/v2\/types\/post"}],"author":[{"embeddable":true,"href":"http:\/\/enteculturalsantafesino.com.ar\/usina5\/wp-json\/wp\/v2\/users\/3"}],"replies":[{"embeddable":true,"href":"http:\/\/enteculturalsantafesino.com.ar\/usina5\/wp-json\/wp\/v2\/comments?post=392"}],"version-history":[{"count":0,"href":"http:\/\/enteculturalsantafesino.com.ar\/usina5\/wp-json\/wp\/v2\/posts\/392\/revisions"}],"wp:featuredmedia":[{"embeddable":true,"href":"http:\/\/enteculturalsantafesino.com.ar\/usina5\/wp-json\/wp\/v2\/media\/366"}],"wp:attachment":[{"href":"http:\/\/enteculturalsantafesino.com.ar\/usina5\/wp-json\/wp\/v2\/media?parent=392"}],"wp:term":[{"taxonomy":"category","embeddable":true,"href":"http:\/\/enteculturalsantafesino.com.ar\/usina5\/wp-json\/wp\/v2\/categories?post=392"},{"taxonomy":"post_tag","embeddable":true,"href":"http:\/\/enteculturalsantafesino.com.ar\/usina5\/wp-json\/wp\/v2\/tags?post=392"}],"curies":[{"name":"wp","href":"https:\/\/api.w.org\/{rel}","templated":true}]}}